{"id":138611,"date":"2022-01-15T02:18:03","date_gmt":"2022-01-15T07:18:03","guid":{"rendered":"https:\/\/linitiative.ca\/International\/les-patrons-en-concert-au-zenith-de-paris-le-10-septembre-2022\/"},"modified":"2022-01-15T02:18:03","modified_gmt":"2022-01-15T07:18:03","slug":"les-patrons-en-concert-au-zenith-de-paris-le-10-septembre-2022","status":"publish","type":"post","link":"https:\/\/linitiative.ca\/International\/les-patrons-en-concert-au-zenith-de-paris-le-10-septembre-2022\/","title":{"rendered":"Les Patrons en concert au Z\u00e9nith de Paris le 10 septembre 2022"},"content":{"rendered":"<div>\n<p><img decoding=\"async\" width=\"800\" height=\"533\" src=\"https:\/\/linitiative.ca\/International\/wp-content\/uploads\/sites\/23\/2022\/01\/16422310834013.jpg\" class=\"attachment-post-thumbnail size-post-thumbnail wp-post-image\" alt=\"\" loading=\"lazy\" srcset=\"https:\/\/linitiative.ca\/International\/wp-content\/uploads\/sites\/23\/2022\/01\/16422310834013.jpg 800w, https:\/\/www.journalducameroun.com\/wp-content\/uploads\/2022\/01\/16422310834013-300x200.jpg 300w, https:\/\/www.journalducameroun.com\/wp-content\/uploads\/2022\/01\/16422310834013-768x512.jpg 768w, https:\/\/www.journalducameroun.com\/wp-content\/uploads\/2022\/01\/16422310834013-660x440.jpg 660w, https:\/\/www.journalducameroun.com\/wp-content\/uploads\/2022\/01\/16422310834013-600x400.jpg 600w\" sizes=\"auto, (max-width: 800px) 100vw, 800px\"><\/p>\n<p>Le groupe \u00ab\u00a0Zouglou\u00a0\u00bb Les Patrons, se lance \u00e0 l&rsquo;assaut du Z\u00e9nith, une mythique salle de spectacle \u00e0 Paris, o\u00f9 \u00c9ric et Clemso, deux jeunes ivoiriens, donneront un concert le 10 septembre 2022.<\/p>\n<p>Cet \u00e9v\u00e9nement, arr\u00eat\u00e9 avec le staff manag\u00e9rial du groupe, intervient dans la c\u00e9l\u00e9bration de leur 20 ans de carri\u00e8re musicale. Ce concert en Europe qui intervient \u00e9galement dans un contexte de la pand\u00e9mie de Covid-19, d\u00e9note d&rsquo;un engagement de relance de leur projet.<\/p>\n<p>Depuis le 2 octobre 2021, le groupe de musique a sign\u00e9 avec un promoteur dans l&rsquo;ar\u00e8ne du showbiz, \u00ab\u00a0pour toute l&rsquo;ann\u00e9e 2022\u00a0\u00bb. Le 5 f\u00e9vrier, d\u00e9bute le premier concert dans un prestigieux h\u00f4tel d&rsquo;Abidjan.\u00a0<\/p>\n<p>Apr\u00e8s cette \u00e9tape, Les Patrons communieront avec leurs fans le 12 f\u00e9vrier au Palais de la culture de Treichville, dans le Sud d&rsquo;Abidjan, avant d&rsquo;effectuer une \u00ab\u00a0tourn\u00e9e nationale\u00a0\u00bb \u00e0 l&rsquo;Int\u00e9rieur de la C\u00f4te d&rsquo;Ivoire.\u00a0<\/p>\n<p>Nguessan Kouakou Cl\u00e9ment \u00ab\u00a0Clemso\u00a0\u00bb a dit que c&rsquo;est une fiert\u00e9 pour lui. Le groupe a maintes fois jou\u00e9 au Palais de la culture, en bordure de la lagune Ebri\u00e9, mais au Z\u00e9nith du Paris, c&rsquo;est un autre challenge.<\/p>\n<p>Pour sa part, Yahou Corneille \u00c9ric dit \u00ab\u00a0\u00c9ric\u00a0\u00bb, s&rsquo;est r\u00e9joui de cette exp\u00e9rience qui hisse, \u00e0 l&rsquo;ext\u00e9rieur, la musique ivoirienne. Rempli d&rsquo;\u00e9motions, il a remerci\u00e9 Dieu qui \u00ab\u00a0trace l&rsquo;histoire des Patrons\u00a0\u00bb dans cette aventure musicale. \u00a0 \u00a0<\/p>\n<p>La marraine des diff\u00e9rents concerts du groupe Les Patrons, en C\u00f4te d&rsquo;Ivoire, est la ministre ivoirienne de la Culture, de l&rsquo;industrie des arts et du spectacle, Mme Arlette Badou Nguessan Kouam\u00e9.\u00a0<\/p>\n<p>Cet article <a rel=\"nofollow\" href=\"https:\/\/www.journalducameroun.com\/les-patrons-en-concert-au-zenith-de-paris-le-10-septembre-2022\/\">Les Patrons en concert au Z\u00e9nith de Paris le 10 septembre 2022<\/a> est apparu en premier sur <a rel=\"nofollow\" href=\"https:\/\/www.journalducameroun.com\/\">Journal du Cameroun<\/a>.<\/p>\n<\/div>\n<p>Auteur: APA News<br \/>\n<a href=\"https:\/\/www.journalducameroun.com\/les-patrons-en-concert-au-zenith-de-paris-le-10-septembre-2022\/\">Cliquez ici pour lire l&rsquo;article depuis sa source.<\/a><\/p>\n","protected":false},"excerpt":{"rendered":"<p>Le groupe \u00ab\u00a0Zouglou\u00a0\u00bb Les Patrons, se lance \u00e0 l&rsquo;assaut du Z\u00e9nith, une mythique salle de spectacle \u00e0 Paris, o\u00f9 \u00c9ric et Clemso, deux jeunes ivoiriens, donneront un concert le 10 septembre 2022. Cet \u00e9v\u00e9nement, arr\u00eat\u00e9 avec le staff manag\u00e9rial du groupe, intervient dans la c\u00e9l\u00e9bration de leur 20 ans de carri\u00e8re musicale. Ce concert en [&hellip;]<\/p>\n","protected":false},"author":1965,"featured_media":0,"comment_status":"closed","ping_status":"closed","sticky":false,"template":"","format":"standard","meta":{"fifu_image_url":"https:\/\/www.journalducameroun.com\/wp-content\/uploads\/2022\/01\/16422310834013.jpg","fifu_image_alt":"Les Patrons en concert au Z\u00e9nith de Paris le 10 septembre 2022","footnotes":""},"categories":[73,82],"tags":[],"class_list":["post-138611","post","type-post","status-publish","format-standard","hentry","category-actualite","category-cameroun"],"_links":{"self":[{"href":"https:\/\/linitiative.ca\/International\/wp-json\/wp\/v2\/posts\/138611","targetHints":{"allow":["GET"]}}],"collection":[{"href":"https:\/\/linitiative.ca\/International\/wp-json\/wp\/v2\/posts"}],"about":[{"href":"https:\/\/linitiative.ca\/International\/wp-json\/wp\/v2\/types\/post"}],"author":[{"embeddable":true,"href":"https:\/\/linitiative.ca\/International\/wp-json\/wp\/v2\/users\/1965"}],"replies":[{"embeddable":true,"href":"https:\/\/linitiative.ca\/International\/wp-json\/wp\/v2\/comments?post=138611"}],"version-history":[{"count":0,"href":"https:\/\/linitiative.ca\/International\/wp-json\/wp\/v2\/posts\/138611\/revisions"}],"wp:attachment":[{"href":"https:\/\/linitiative.ca\/International\/wp-json\/wp\/v2\/media?parent=138611"}],"wp:term":[{"taxonomy":"category","embeddable":true,"href":"https:\/\/linitiative.ca\/International\/wp-json\/wp\/v2\/categories?post=138611"},{"taxonomy":"post_tag","embeddable":true,"href":"https:\/\/linitiative.ca\/International\/wp-json\/wp\/v2\/tags?post=138611"}],"curies":[{"name":"wp","href":"https:\/\/api.w.org\/{rel}","templated":true}]}}