{"id":138613,"date":"2022-01-15T02:18:03","date_gmt":"2022-01-15T07:18:03","guid":{"rendered":"https:\/\/linitiative.ca\/International\/la-can-2021-eclipse-la-politique-dans-la-presse-senegalaise\/"},"modified":"2022-01-15T02:18:03","modified_gmt":"2022-01-15T07:18:03","slug":"la-can-2021-eclipse-la-politique-dans-la-presse-senegalaise","status":"publish","type":"post","link":"https:\/\/linitiative.ca\/International\/la-can-2021-eclipse-la-politique-dans-la-presse-senegalaise\/","title":{"rendered":"La Can 2021 \u00e9clipse la politique dans la presse s\u00e9n\u00e9galaise"},"content":{"rendered":"<div>\n<p><img decoding=\"async\" width=\"250\" height=\"200\" src=\"https:\/\/linitiative.ca\/International\/wp-content\/uploads\/sites\/23\/2022\/01\/16422310835766.jpg\" class=\"attachment-post-thumbnail size-post-thumbnail wp-post-image\" alt=\"\" loading=\"lazy\"><\/p>\n<p>Le match nul (0-0) du S\u00e9n\u00e9gal face \u00e0 la R\u00e9publique de Guin\u00e9e,  hier vendredi, lors de la 2e journ\u00e9e du groupe B de la Coupe d&rsquo;Afrique des nations (Can 2021), inqui\u00e8te les quotidiens s\u00e9n\u00e9galais de ce samedi.\u00a0\u00bbCan Cameroun 2021-S\u00e9n\u00e9gal-Guin\u00e9e \u00a0(0-0) : Un match sans \u00e9clat\u00a0\u00bb, titre Le Soleil, qui donne la parole au coach des Lions, Aliou Ciss\u00e9 qui reconnait : \u00ab\u00a0Nous avons manqu\u00e9 d&rsquo;impact en premi\u00e8re p\u00e9riode\u00a0\u00bb.<\/p>\n<p>De son c\u00f4t\u00e9, Kaba Diawara, coach du Sily national affirme que \u00ab\u00a0mes gar\u00e7ons ont bien r\u00e9pondu\u00a0\u00bb.<\/p>\n<p>\u00ab\u00a0S\u00e9n\u00e9gal-Guin\u00e9e : Encore un tendre rugissement des Lions\u00a0\u00bb, commente Walf Quotidien, l\u00e0 o\u00f9 L&rsquo;Observateur note que \u00ab\u00a0sans nul doute qu&rsquo;il y a probl\u00e8me\u00a0\u00bb, poussant Aliou Ciss\u00e9 \u00e0 dire que \u00ab\u00a0nous vivons des moments difficiles\u00a0\u00bb.<\/p>\n<p>\u00ab\u00a0Can Cameroun 2021 S\u00e9n\u00e9gal-Guin\u00e9e-Le Sily tient en \u00e9chec les Lions\u00a0\u00bb, rapporte Sud Quotidien \u00e0 c\u00f4t\u00e9 de L&rsquo;As qui voit \u00ab\u00a0des Lions sans \u00e2me face au Sily\u00a0\u00bb.<\/p>\n<p>Pour Les \u00c9chos, \u00ab\u00a0tenus en \u00e9chec par la Guin\u00e9e, les Lions l&rsquo;ont \u00e9chapp\u00e9 belle\u00a0\u00bb. Nos confr\u00e8res parlent d&rsquo;une premi\u00e8re mi-temps nulle et d&rsquo;un r\u00e9veil tardif en deuxi\u00e8me mi-temps.<\/p>\n<p>\u00ab\u00a0Des Lions sans griffes face au Sily\u00a0\u00bb, rench\u00e9rit Vox Populi, dans lequel journal, Aliou Ciss\u00e9 confie qu&rsquo;\u00e0 la derni\u00e8re minute, la composition de l&rsquo;\u00e9quipe a \u00e9t\u00e9 chang\u00e9e.<\/p>\n<p>Pendant ce temps, Source A s&rsquo;exclame : \u00ab\u00a0Honte aux Lions-pacotille !\u00a0\u00bb<\/p>\n<p>\u00ab\u00a0Le S\u00e9n\u00e9gal se met en danger\u00a0\u00bb, constate L&rsquo;Info, faisant dire \u00e0 EnQu\u00eate que \u00ab\u00a0le doute persiste\u00a0\u00bb.<\/p>\n<p>Le Quotidien consacre sa Une aux r\u00e9ticences vaccinales face \u00e0 la Covid-19 et indique que \u00ab\u00a0Macky en a sa dose\u00a0\u00bb. Selon le journal, le S\u00e9n\u00e9gal poss\u00e8de un stock de 5 millions de doses en souffrance et ne veut plus acheter de nouvelles doses.<\/p>\n<p>Traitant des discours des candidats aux \u00e9lections locales du 23 janvier 2022, L&rsquo;Observateur diagnostique le mal de la violence verbale.<\/p>\n<p>\u00ab\u00a0Mairie de Dakar : Un go\u00fbt d&rsquo;inachev\u00e9-Pape Diop tend la main aux Dakarois\u00a0\u00bb, titre Le Mandat.<\/p>\n<p>Cet article <a rel=\"nofollow\" href=\"https:\/\/www.journalducameroun.com\/la-can-2021-eclipse-la-politique-dans-la-presse-senegalaise\/\">La Can 2021 \u00e9clipse la politique dans la presse s\u00e9n\u00e9galaise<\/a> est apparu en premier sur <a rel=\"nofollow\" href=\"https:\/\/www.journalducameroun.com\/\">Journal du Cameroun<\/a>.<\/p>\n<\/div>\n<p>Auteur: APA News<br \/>\n<a href=\"https:\/\/www.journalducameroun.com\/la-can-2021-eclipse-la-politique-dans-la-presse-senegalaise\/\">Cliquez ici pour lire l&rsquo;article depuis sa source.<\/a><\/p>\n","protected":false},"excerpt":{"rendered":"<p>Le match nul (0-0) du S\u00e9n\u00e9gal face \u00e0 la R\u00e9publique de Guin\u00e9e, hier vendredi, lors de la 2e journ\u00e9e du groupe B de la Coupe d&rsquo;Afrique des nations (Can 2021), inqui\u00e8te les quotidiens s\u00e9n\u00e9galais de ce samedi.\u00a0\u00bbCan Cameroun 2021-S\u00e9n\u00e9gal-Guin\u00e9e \u00a0(0-0) : Un match sans \u00e9clat\u00a0\u00bb, titre Le Soleil, qui donne la parole au coach des [&hellip;]<\/p>\n","protected":false},"author":1965,"featured_media":0,"comment_status":"closed","ping_status":"closed","sticky":false,"template":"","format":"standard","meta":{"fifu_image_url":"https:\/\/www.journalducameroun.com\/wp-content\/uploads\/2022\/01\/16422310835766.jpg","fifu_image_alt":"La Can 2021 \u00e9clipse la politique dans la presse s\u00e9n\u00e9galaise","footnotes":""},"categories":[73,82],"tags":[],"class_list":["post-138613","post","type-post","status-publish","format-standard","hentry","category-actualite","category-cameroun"],"_links":{"self":[{"href":"https:\/\/linitiative.ca\/International\/wp-json\/wp\/v2\/posts\/138613","targetHints":{"allow":["GET"]}}],"collection":[{"href":"https:\/\/linitiative.ca\/International\/wp-json\/wp\/v2\/posts"}],"about":[{"href":"https:\/\/linitiative.ca\/International\/wp-json\/wp\/v2\/types\/post"}],"author":[{"embeddable":true,"href":"https:\/\/linitiative.ca\/International\/wp-json\/wp\/v2\/users\/1965"}],"replies":[{"embeddable":true,"href":"https:\/\/linitiative.ca\/International\/wp-json\/wp\/v2\/comments?post=138613"}],"version-history":[{"count":0,"href":"https:\/\/linitiative.ca\/International\/wp-json\/wp\/v2\/posts\/138613\/revisions"}],"wp:attachment":[{"href":"https:\/\/linitiative.ca\/International\/wp-json\/wp\/v2\/media?parent=138613"}],"wp:term":[{"taxonomy":"category","embeddable":true,"href":"https:\/\/linitiative.ca\/International\/wp-json\/wp\/v2\/categories?post=138613"},{"taxonomy":"post_tag","embeddable":true,"href":"https:\/\/linitiative.ca\/International\/wp-json\/wp\/v2\/tags?post=138613"}],"curies":[{"name":"wp","href":"https:\/\/api.w.org\/{rel}","templated":true}]}}