{"id":138617,"date":"2022-01-15T07:18:03","date_gmt":"2022-01-15T12:18:03","guid":{"rendered":"https:\/\/linitiative.ca\/International\/economie-politique-et-diplomatie-au-menu-des-quotidiens-et-hebdomadaires-marocains\/"},"modified":"2022-01-15T07:18:03","modified_gmt":"2022-01-15T12:18:03","slug":"economie-politique-et-diplomatie-au-menu-des-quotidiens-et-hebdomadaires-marocains","status":"publish","type":"post","link":"https:\/\/linitiative.ca\/International\/economie-politique-et-diplomatie-au-menu-des-quotidiens-et-hebdomadaires-marocains\/","title":{"rendered":"Economie, politique et diplomatie au menu des quotidiens et hebdomadaires marocains"},"content":{"rendered":"<div>\n<p><img decoding=\"async\" width=\"287\" height=\"176\" src=\"https:\/\/linitiative.ca\/International\/wp-content\/uploads\/sites\/23\/2022\/01\/16422490835776.jpg\" class=\"attachment-post-thumbnail size-post-thumbnail wp-post-image\" alt=\"\" loading=\"lazy\"><\/p>\n<p>Le lancement de la marque \u00ab MoroccoTech \u00bb, la question de l&rsquo;int\u00e9grit\u00e9 territoriale, l&rsquo;action du gouvernement, la probl\u00e9matique de l&rsquo;inflation et les relations Maroc-Maurice, sont les principaux sujets trait\u00e9s par les quotidiens et hebdomadaires marocains parus ce samedi.+Le Matin+ rapporte que la ministre charg\u00e9e de la Transition Num\u00e9rique et de la R\u00e9forme de l&rsquo;Administration, Ghita Mezzour, a annonc\u00e9 le lancement de l&rsquo;initiative \u00ab\u00a0MoroccoTech\u00a0\u00bb, la marque nationale de promotion du secteur digital marocain.<\/p>\n<p>\u00ab\u00a0MoroccoTech\u00a0\u00bb a pour ambition, d&rsquo;une part de positionner le Maroc comme destination num\u00e9rique de choix \u00e0 l&rsquo;international, d&rsquo;autre part, de cr\u00e9er une dynamique globale qui profitera \u00e0 l&rsquo;ensemble des \u00e9cosyst\u00e8mes marocains dans leur transformation num\u00e9rique. Cette initiative issue d&rsquo;une d\u00e9marche partenariale \u00ab\u00a0public-priv\u00e9\u00a0\u00bb, est la d\u00e9clinaison d&rsquo;un mouvement mobilisateur et f\u00e9d\u00e9rateur des diff\u00e9rents acteurs de l&rsquo;\u00e9cosyst\u00e8me digital marocain.<\/p>\n<p>+Challenge+, qui revient sur la question de l&rsquo;int\u00e9grit\u00e9 territoriale, \u00e9crit que le Maroc, gr\u00e2ce \u00e0 sa patience, a engrang\u00e9 des points d\u00e9cisifs dans le processus onusien, qui \u00e9carte d\u00e9finitivement l&rsquo;option s\u00e9paratiste et le r\u00e9p\u00e8te depuis plusieurs ann\u00e9es.<\/p>\n<p>A contrario, il soutient la proposition marocaine d&rsquo;autonomie, qu&rsquo;il juge cr\u00e9dible et apte \u00e0 servir de base de n\u00e9gociations, rel\u00e8ve l&rsquo;\u00e9ditorialiste.<\/p>\n<p>La reconnaissance am\u00e9ricaine de la souverainet\u00e9 marocaine, irr\u00e9versible, est d\u00e9cisive, estime-t-il, faisant remarquer que quelles que soient les alternances \u00e0 Washington, \u00ab\u00a0on imagine mal les USA laisser passer un texte d\u00e9favorable au Maroc, au Conseil de S\u00e9curit\u00e9\u00a0\u00bb.<\/p>\n<p>+La Vie Eco+, qui aborde l&rsquo;action du gouvernement, souligne que l&rsquo;ex\u00e9cutif n&rsquo;a pas tard\u00e9 \u00e0 passer \u00e0 l&rsquo;acte pour le tr\u00e8s attendu programme \u00ab Awrach \u00bb, destin\u00e9 \u00e0 cr\u00e9er des emplois en urgence pour les cat\u00e9gories prioritaires, surtout celles qui ont \u00e9t\u00e9 les plus impact\u00e9es par la crise sanitaire.<\/p>\n<p>Quand bien m\u00eame il s&rsquo;agirait d&#8217;emplois temporaires, ce dispositif permettra d&rsquo;apporter une pr\u00e9cieuse bouff\u00e9e d&rsquo;oxyg\u00e8ne \u00e0 quelque 250.000 familles qui n&rsquo;ont plus de sources de revenus, rel\u00e8ve l&rsquo;hebdomadaire.<\/p>\n<p>Mais ce n&rsquo;est pas tout, car le gouvernement veut apparemment faire d&rsquo;Awrach un dispositif tremplin en le mettant \u00e0 profit pour de l&rsquo;apprentissage, puisque six mois d&rsquo;accompagnement seront assur\u00e9s aux b\u00e9n\u00e9ficiaires pour leur donner des outils dans des m\u00e9tiers et des domaines comme les services aux familles et aux individus, ajoute-t-il.<\/p>\n<p>Bien au-del\u00e0 de sa fonction de dispositif d&rsquo;urgence, s&rsquo;il doit aider des milliers de jeunes ch\u00f4meurs \u00e0 s&rsquo;ins\u00e9rer durablement dans la vie active en les faisant passer du statut de personnes en marge de la soci\u00e9t\u00e9 \u00e0 celui d&rsquo;acteurs tr\u00e8s utiles \u00e0 la communaut\u00e9, estime-t-il.<\/p>\n<p>+Finances News Hebdo+, qui s&rsquo;attarde sur la probl\u00e9matique de l&rsquo;inflation, \u00e9crit que le pouvoir d&rsquo;achat des Marocains \u00ab s&rsquo;\u00e9rode sensiblement \u00bb dans un contexte marqu\u00e9 notamment par une hausse quasi g\u00e9n\u00e9ralis\u00e9e des prix.<\/p>\n<p>Quoique le gouvernement ait allou\u00e9 16 milliards de DH pour soutenir le pouvoir d&rsquo;achat, le ressenti des m\u00e9nages est autre, d&rsquo;autant que ce montant est uniquement destin\u00e9 \u00e0 garantir la stabilit\u00e9 des produits subventionn\u00e9s alors que le panier de la m\u00e9nag\u00e8re le plus \u00e9l\u00e9mentaire compte au moins une quarantaine de produits de large consommation, fait savoir la publication.<\/p>\n<p>N\u00e9anmoins, cette hausse des prix s&rsquo;explique par la flamb\u00e9e des prix des produits alimentaires et produits \u00e9nerg\u00e9tiques dans le monde, dans un contexte marqu\u00e9 par une pouss\u00e9e de la reprise \u00e9conomique qui a entra\u00een\u00e9 de fortes distorsions entre l&rsquo;offre et la demande, explique-t-il, notant que ce ph\u00e9nom\u00e8ne est mondial.<\/p>\n<p>+Assahra Al Maghribia+ fait savoir que le Maroc et la R\u00e9publique de Maurice ont convenu d&rsquo;initier une nouvelle dynamique de coop\u00e9ration sectorielle en invitant les ministres des deux pays \u00e0 interagir en vue d&rsquo;\u00e9valuer la mise en \u0153uvre des accords pr\u00e9c\u00e9demment sign\u00e9s et d&rsquo;identifier conjointement les actions et projets \u00e0 entreprendre dans les secteurs cl\u00e9, tels que la sant\u00e9, les \u00e9nergies renouvelables et les technologies de l&rsquo;information.<\/p>\n<p>Cette volont\u00e9 a \u00e9t\u00e9 exprim\u00e9e lors d&rsquo;un entretien, vendredi par visioconf\u00e9rence, entre le ministre marocain des Affaires \u00c9trang\u00e8res, Nasser Bourita, et son homologue mauricien, Alan Ganoo. Les deux ministres se sont r\u00e9jouis des relations d&rsquo;amiti\u00e9 existant entre les deux pays, soulignant leur volont\u00e9 partag\u00e9e de proc\u00e9der \u00e0 une dynamisation de la coop\u00e9ration bilat\u00e9rale.<\/p>\n<p>Cet article <a rel=\"nofollow\" href=\"https:\/\/www.journalducameroun.com\/economie-politique-et-diplomatie-au-menu-des-quotidiens-et-hebdomadaires-marocains\/\">Economie, politique et diplomatie au menu des quotidiens et hebdomadaires marocains<\/a> est apparu en premier sur <a rel=\"nofollow\" href=\"https:\/\/www.journalducameroun.com\/\">Journal du Cameroun<\/a>.<\/p>\n<\/div>\n<p>Auteur: APA News<br \/>\n<a href=\"https:\/\/www.journalducameroun.com\/economie-politique-et-diplomatie-au-menu-des-quotidiens-et-hebdomadaires-marocains\/\">Cliquez ici pour lire l&rsquo;article depuis sa source.<\/a><\/p>\n","protected":false},"excerpt":{"rendered":"<p>Le lancement de la marque \u00ab MoroccoTech \u00bb, la question de l&rsquo;int\u00e9grit\u00e9 territoriale, l&rsquo;action du gouvernement, la probl\u00e9matique de l&rsquo;inflation et les relations Maroc-Maurice, sont les principaux sujets trait\u00e9s par les quotidiens et hebdomadaires marocains parus ce samedi.+Le Matin+ rapporte que la ministre charg\u00e9e de la Transition Num\u00e9rique et de la R\u00e9forme de l&rsquo;Administration, Ghita [&hellip;]<\/p>\n","protected":false},"author":1965,"featured_media":0,"comment_status":"closed","ping_status":"closed","sticky":false,"template":"","format":"standard","meta":{"fifu_image_url":"https:\/\/www.journalducameroun.com\/wp-content\/uploads\/2022\/01\/16422490835776.jpg","fifu_image_alt":"Economie, politique et diplomatie au menu des quotidiens et hebdomadaires marocains","footnotes":""},"categories":[73,82],"tags":[],"class_list":["post-138617","post","type-post","status-publish","format-standard","hentry","category-actualite","category-cameroun"],"_links":{"self":[{"href":"https:\/\/linitiative.ca\/International\/wp-json\/wp\/v2\/posts\/138617","targetHints":{"allow":["GET"]}}],"collection":[{"href":"https:\/\/linitiative.ca\/International\/wp-json\/wp\/v2\/posts"}],"about":[{"href":"https:\/\/linitiative.ca\/International\/wp-json\/wp\/v2\/types\/post"}],"author":[{"embeddable":true,"href":"https:\/\/linitiative.ca\/International\/wp-json\/wp\/v2\/users\/1965"}],"replies":[{"embeddable":true,"href":"https:\/\/linitiative.ca\/International\/wp-json\/wp\/v2\/comments?post=138617"}],"version-history":[{"count":0,"href":"https:\/\/linitiative.ca\/International\/wp-json\/wp\/v2\/posts\/138617\/revisions"}],"wp:attachment":[{"href":"https:\/\/linitiative.ca\/International\/wp-json\/wp\/v2\/media?parent=138617"}],"wp:term":[{"taxonomy":"category","embeddable":true,"href":"https:\/\/linitiative.ca\/International\/wp-json\/wp\/v2\/categories?post=138617"},{"taxonomy":"post_tag","embeddable":true,"href":"https:\/\/linitiative.ca\/International\/wp-json\/wp\/v2\/tags?post=138617"}],"curies":[{"name":"wp","href":"https:\/\/api.w.org\/{rel}","templated":true}]}}