{"id":138619,"date":"2022-01-15T13:18:03","date_gmt":"2022-01-15T18:18:03","guid":{"rendered":"https:\/\/linitiative.ca\/International\/cote-divoire-les-boulangers-saisissent-la-tutelle-pour-un-reajustement-du-prix-du-pain\/"},"modified":"2022-01-15T13:18:03","modified_gmt":"2022-01-15T18:18:03","slug":"cote-divoire-les-boulangers-saisissent-la-tutelle-pour-un-reajustement-du-prix-du-pain","status":"publish","type":"post","link":"https:\/\/linitiative.ca\/International\/cote-divoire-les-boulangers-saisissent-la-tutelle-pour-un-reajustement-du-prix-du-pain\/","title":{"rendered":"C\u00f4te d\u2019Ivoire: les boulangers saisissent la tutelle pour un r\u00e9ajustement du prix du pain"},"content":{"rendered":"<div>\n<p><img decoding=\"async\" width=\"780\" height=\"440\" src=\"https:\/\/linitiative.ca\/International\/wp-content\/uploads\/sites\/23\/2022\/01\/16422706839314.jpg\" class=\"attachment-post-thumbnail size-post-thumbnail wp-post-image\" alt=\"\" loading=\"lazy\" srcset=\"https:\/\/linitiative.ca\/International\/wp-content\/uploads\/sites\/23\/2022\/01\/16422706839314.jpg 780w, https:\/\/www.journalducameroun.com\/wp-content\/uploads\/2022\/01\/16422706839314-300x169.jpg 300w, https:\/\/www.journalducameroun.com\/wp-content\/uploads\/2022\/01\/16422706839314-768x433.jpg 768w, https:\/\/www.journalducameroun.com\/wp-content\/uploads\/2022\/01\/16422706839314-380x215.jpg 380w, https:\/\/www.journalducameroun.com\/wp-content\/uploads\/2022\/01\/16422706839314-160x90.jpg 160w, https:\/\/www.journalducameroun.com\/wp-content\/uploads\/2022\/01\/16422706839314-240x135.jpg 240w, https:\/\/www.journalducameroun.com\/wp-content\/uploads\/2022\/01\/16422706839314-600x338.jpg 600w\" sizes=\"auto, (max-width: 780px) 100vw, 780px\"><\/p>\n<p>Dans une situation quasiment \u00ab\u00a0intenable\u00a0\u00bb et \u00ab\u00a0d\u00e9l\u00e9t\u00e8re\u00a0\u00bb avec des fermetures de fours, le Haut patronat des boulangers ivoiriens saisit la tutelle en vue d&rsquo;un r\u00e9ajustement du prix du pain.<\/p>\n<p>\u00ab\u00a0Nous avons d\u00e9pos\u00e9 un courrier afin que le gouvernement permette un r\u00e9ajustement du prix\u00a0\u00bb, a confi\u00e9 le pr\u00e9sident du Haut Patronat de la boulangerie et de la p\u00e2tisserie de C\u00f4te d&rsquo;Ivoire (HPBP-CI), M. Amadou Coulibaly, dans un entretien \u00e0 APA. \u00a0<\/p>\n<p>Pour l&rsquo;heure, l&rsquo;organisation patronale table sur la n\u00e9gociation avec la tutelle, le minist\u00e8re du Commerce et de l&rsquo;industrie, \u00ab\u00a0maintenant, c&rsquo;est lorsque cette demande n&rsquo;aurait pas de r\u00e9ponse favorable que nous envisagerions un arr\u00eat de travail\u00a0\u00bb, a-t-il dit. \u00a0<\/p>\n<p>\u00ab\u00a0Il ne s&rsquo;agit pas d&#8217;embl\u00e9e d&rsquo;une gr\u00e8ve, nous avons compte tenu des probl\u00e8mes auxquels nous sommes confront\u00e9s depuis belle lurette, l&rsquo;impossibilit\u00e9 d&rsquo;ajuster nos prix pour \u00eatre rentable par rapport aux prix de nos intrants qui ont augment\u00e9\u00a0\u00bb et c&rsquo;est d&rsquo;instruire la tutelle, a-t-il ajout\u00e9.\u00a0<\/p>\n<p>Mais, \u00ab\u00a0nous pensons qu&rsquo;aujourd&rsquo;hui, l&rsquo;augmentation n&rsquo;est pas n\u00e9gociable, parce qu&rsquo;on n&rsquo;a plus le choix. On a press\u00e9, press\u00e9 mais nous sommes en train de nous noyer, et notre exploitation est menac\u00e9e\u00a0\u00bb, a-t-il fait observer. \u00a0<\/p>\n<p>Selon M. Amadou Coulibaly, la continuit\u00e9 de l&rsquo;activit\u00e9 des boulangers est \u00ab\u00a0vraiment menac\u00e9e aujourd&rsquo;hui\u00a0\u00bb.\u00a0La situation est \u00ab\u00a0intenable\u00a0\u00bb en termes de charges d&rsquo;exploitation et \u00e0 cela s&rsquo;ajoutent d&rsquo;autres obligations telles les taxes fiscales.\u00a0<\/p>\n<p>Le plafond de verre emp\u00eache les boulangers d&rsquo;ajuster. \u00ab\u00a0Donc, aujourd&rsquo;hui, les \u00a0boulangers sont dans une situation d\u00e9l\u00e9t\u00e8re et de d\u00e9gradation de leur fonds de commerce et beaucoup sont endett\u00e9s et d&rsquo;autres sont en train de fermer\u00a0\u00bb, a indiqu\u00e9 M. Amadou Coulibaly.\u00a0<\/p>\n<p>\u00ab\u00a0Nous estimons que produire et puis perdre, autant ne pas produire\u00a0\u00bb, a-t-il lanc\u00e9. Cette d\u00e9marche envers la tutelle vise \u00e0 \u00ab\u00a0attirer l&rsquo;attention\u00a0\u00bb du gouvernement pour le r\u00e9ajustement du prix et que d\u00e9j\u00e0 le principe de l&rsquo;augmentation soit un acquis. \u00a0<\/p>\n<p>\u00ab\u00a0Concernant le montant, nous sommes pr\u00eats \u00e0 n\u00e9gocier et \u00e0 discuter avec le gouvernement, naturellement avec d&rsquo;autres leviers que le gouvernement pourrait prendre afin que nous situons le prix\u00a0\u00bb, a-t-il poursuivi. \u00a0<\/p>\n<p>Il a fait savoir que soit la population supporte le prix r\u00e9el ou le gouvernement consent \u00e0 faire des subventions, en prenant des m\u00e9canismes pour que les citoyens ne subissent pas directement le prix r\u00e9el. \u00a0<\/p>\n<p>Toutefois, \u00ab\u00a0nous mettons le prix en discussion avec le gouvernement\u00a0\u00bb, a laiss\u00e9 entendre le pr\u00e9sident du HPBP-CI. Le gouvernement m\u00e9nage les acteurs du secteur en mentionnant que le prix du pain est \u00ab\u00a0sensible et social\u00a0\u00bb.\u00a0<\/p>\n<p>\u00ab\u00a0Si tant que notre produit est sensible et social, que l&rsquo;Etat songe \u00e0 faire des subventions dans le domaine\u00a0\u00bb et \u00e0 \u00ab\u00a0une fiscalit\u00e9 adapt\u00e9e \u00e0 l&rsquo;id\u00e9e que le gouvernement se fait du pain\u00a0\u00bb car le bl\u00e9 qui sert \u00e0 la fabrique est import\u00e9, \u00a0a-t-il soulign\u00e9.\u00a0<\/p>\n<p>Il a par ailleurs remarquer que le prix du bl\u00e9 a flamb\u00e9 sur le march\u00e9 international ainsi que les intrants qui viennent de l&rsquo;Europe, appelant \u00e0 \u00ab\u00a0un acte fort\u00a0\u00bb de la part du gouvernement ivoirien favoriser \u00ab\u00a0un prix juste\u00a0\u00bb.\u00a0<\/p>\n<p>Aujourd&rsquo;hui, le sac de farine de bl\u00e9 de 50 Kg revient \u00e0 23.000 Fcfa en moyenne, alors qu&rsquo;il \u00e9tait \u00e0 11.000 Fcfa lorsque le prix de la baguette de pain est pass\u00e9 \u00e0 150 Fcfa en 2006, a fait savoir le pr\u00e9sident du HPBP-CI, M. Amadou Coulibaly.\u00a0<\/p>\n<p>Cet article <a rel=\"nofollow\" href=\"https:\/\/www.journalducameroun.com\/cote-divoire-les-boulangers-saisissent-la-tutelle-pour-un-reajustement-du-prix-du-pain\/\">C\u00f4te d\u2019Ivoire: les boulangers saisissent la tutelle pour un r\u00e9ajustement du prix du pain<\/a> est apparu en premier sur <a rel=\"nofollow\" href=\"https:\/\/www.journalducameroun.com\/\">Journal du Cameroun<\/a>.<\/p>\n<\/div>\n<p>Auteur: APA News<br \/>\n<a href=\"https:\/\/www.journalducameroun.com\/cote-divoire-les-boulangers-saisissent-la-tutelle-pour-un-reajustement-du-prix-du-pain\/\">Cliquez ici pour lire l&rsquo;article depuis sa source.<\/a><\/p>\n","protected":false},"excerpt":{"rendered":"<p>Dans une situation quasiment \u00ab\u00a0intenable\u00a0\u00bb et \u00ab\u00a0d\u00e9l\u00e9t\u00e8re\u00a0\u00bb avec des fermetures de fours, le Haut patronat des boulangers ivoiriens saisit la tutelle en vue d&rsquo;un r\u00e9ajustement du prix du pain. \u00ab\u00a0Nous avons d\u00e9pos\u00e9 un courrier afin que le gouvernement permette un r\u00e9ajustement du prix\u00a0\u00bb, a confi\u00e9 le pr\u00e9sident du Haut Patronat de la boulangerie et de [&hellip;]<\/p>\n","protected":false},"author":1965,"featured_media":0,"comment_status":"closed","ping_status":"closed","sticky":false,"template":"","format":"standard","meta":{"fifu_image_url":"https:\/\/www.journalducameroun.com\/wp-content\/uploads\/2022\/01\/16422706839314.jpg","fifu_image_alt":"C\u00f4te d\u2019Ivoire: les boulangers saisissent la tutelle pour un r\u00e9ajustement du prix du pain","footnotes":""},"categories":[73,82],"tags":[],"class_list":["post-138619","post","type-post","status-publish","format-standard","hentry","category-actualite","category-cameroun"],"_links":{"self":[{"href":"https:\/\/linitiative.ca\/International\/wp-json\/wp\/v2\/posts\/138619","targetHints":{"allow":["GET"]}}],"collection":[{"href":"https:\/\/linitiative.ca\/International\/wp-json\/wp\/v2\/posts"}],"about":[{"href":"https:\/\/linitiative.ca\/International\/wp-json\/wp\/v2\/types\/post"}],"author":[{"embeddable":true,"href":"https:\/\/linitiative.ca\/International\/wp-json\/wp\/v2\/users\/1965"}],"replies":[{"embeddable":true,"href":"https:\/\/linitiative.ca\/International\/wp-json\/wp\/v2\/comments?post=138619"}],"version-history":[{"count":0,"href":"https:\/\/linitiative.ca\/International\/wp-json\/wp\/v2\/posts\/138619\/revisions"}],"wp:attachment":[{"href":"https:\/\/linitiative.ca\/International\/wp-json\/wp\/v2\/media?parent=138619"}],"wp:term":[{"taxonomy":"category","embeddable":true,"href":"https:\/\/linitiative.ca\/International\/wp-json\/wp\/v2\/categories?post=138619"},{"taxonomy":"post_tag","embeddable":true,"href":"https:\/\/linitiative.ca\/International\/wp-json\/wp\/v2\/tags?post=138619"}],"curies":[{"name":"wp","href":"https:\/\/api.w.org\/{rel}","templated":true}]}}