{"id":138623,"date":"2022-01-15T09:35:33","date_gmt":"2022-01-15T14:35:33","guid":{"rendered":"https:\/\/linitiative.ca\/International\/can-2021-des-mesures-exceptionnelles-du-premier-ministre\/"},"modified":"2022-01-15T09:35:33","modified_gmt":"2022-01-15T14:35:33","slug":"can-2021-des-mesures-exceptionnelles-du-premier-ministre","status":"publish","type":"post","link":"https:\/\/linitiative.ca\/International\/can-2021-des-mesures-exceptionnelles-du-premier-ministre\/","title":{"rendered":"CAN 2021 : des mesures exceptionnelles du Premier Ministre"},"content":{"rendered":"<div>\n<p>Dans un communiqu\u00e9 publi\u00e9 ce 15 janvier 2022, le Premier Ministre, Joseph Dion Gute informe, \u00a0\u00bb sur tr\u00e8s hautes instructions du Pr\u00e9sident de la R\u00e9publique, le Premier Ministre, chef du gouvernement informe la communaut\u00e9 nationale que pendant les jours de la tenue des rencontres de la CAN 2021, les activit\u00e9s scolaires et acad\u00e9miques se tiendront de 07h30 \u00e0 13h. Les activit\u00e9s professionnelles s\u2019\u00e9taleront de 07h30 \u00e0 14h\u00a0\u00bb.<\/p>\n<p>Cette mesure exceptionnelle s\u2019appliquera uniquement dans le secteur public \u00e0 partir du lundi, 17 janvier jusqu\u2019au vendredi 04 f\u00e9vrier 2022 avec pour objectif de permettre aux camerounais de prendre une part active \u00e0 cet \u00e9v\u00e9nement continental d\u2019envergure.<\/p>\n<p>L\u2019article <a rel=\"nofollow\" href=\"https:\/\/ecomatin.net\/can-2021-des-mesures-exceptionnelles-du-premier-ministre\/\">CAN 2021 : des mesures exceptionnelles du Premier Ministre<\/a> est apparu en premier sur <a rel=\"nofollow\" href=\"https:\/\/ecomatin.net\/\">EcoMatin<\/a>.<\/p>\n<\/div>\n<p>Auteur: EcoMatin<br \/>\n<a href=\"https:\/\/ecomatin.net\/can-2021-des-mesures-exceptionnelles-du-premier-ministre\/\">Cliquez ici pour lire l&rsquo;article depuis sa source.<\/a><\/p>\n","protected":false},"excerpt":{"rendered":"<p>Dans un communiqu\u00e9 publi\u00e9 ce 15 janvier 2022, le Premier Ministre, Joseph Dion Gute informe, \u00a0\u00bb sur tr\u00e8s hautes instructions du Pr\u00e9sident de la R\u00e9publique, le Premier Ministre, chef du gouvernement informe la communaut\u00e9 nationale que pendant les jours de la tenue des rencontres de la CAN 2021, les activit\u00e9s scolaires et acad\u00e9miques se tiendront [&hellip;]<\/p>\n","protected":false},"author":1969,"featured_media":0,"comment_status":"closed","ping_status":"closed","sticky":false,"template":"","format":"standard","meta":{"fifu_image_url":"","fifu_image_alt":"","footnotes":""},"categories":[82,78],"tags":[],"class_list":["post-138623","post","type-post","status-publish","format-standard","hentry","category-cameroun","category-economie"],"_links":{"self":[{"href":"https:\/\/linitiative.ca\/International\/wp-json\/wp\/v2\/posts\/138623","targetHints":{"allow":["GET"]}}],"collection":[{"href":"https:\/\/linitiative.ca\/International\/wp-json\/wp\/v2\/posts"}],"about":[{"href":"https:\/\/linitiative.ca\/International\/wp-json\/wp\/v2\/types\/post"}],"author":[{"embeddable":true,"href":"https:\/\/linitiative.ca\/International\/wp-json\/wp\/v2\/users\/1969"}],"replies":[{"embeddable":true,"href":"https:\/\/linitiative.ca\/International\/wp-json\/wp\/v2\/comments?post=138623"}],"version-history":[{"count":0,"href":"https:\/\/linitiative.ca\/International\/wp-json\/wp\/v2\/posts\/138623\/revisions"}],"wp:attachment":[{"href":"https:\/\/linitiative.ca\/International\/wp-json\/wp\/v2\/media?parent=138623"}],"wp:term":[{"taxonomy":"category","embeddable":true,"href":"https:\/\/linitiative.ca\/International\/wp-json\/wp\/v2\/categories?post=138623"},{"taxonomy":"post_tag","embeddable":true,"href":"https:\/\/linitiative.ca\/International\/wp-json\/wp\/v2\/tags?post=138623"}],"curies":[{"name":"wp","href":"https:\/\/api.w.org\/{rel}","templated":true}]}}