{"id":138632,"date":"2022-01-16T08:40:09","date_gmt":"2022-01-16T13:40:09","guid":{"rendered":"https:\/\/linitiative.ca\/International\/lexecution-de-la-resolution-onusienne\/"},"modified":"2022-01-16T08:40:09","modified_gmt":"2022-01-16T13:40:09","slug":"lexecution-de-la-resolution-onusienne","status":"publish","type":"post","link":"https:\/\/linitiative.ca\/International\/lexecution-de-la-resolution-onusienne\/","title":{"rendered":"L\u2019ex\u00e9cution de la r\u00e9solution onusienne"},"content":{"rendered":"<div>\n<p class=\"has-vivid-cyan-blue-color has-text-color\"><strong>Conform\u00e9ment \u00e0 la r\u00e9solution des Nations Unis n* 2602, du 29 octobre 2021, l\u2019envoy\u00e9 sp\u00e9cial italo-su\u00e9dois du Conseil de S\u00e9curit\u00e9, Staffan De Mistura, effectue, \u00e0 pr\u00e9sent, une tourn\u00e9e de pourparlers avec les responsables des pays concern\u00e9s par le dossier du Sahara.<\/strong><\/p>\n<p>Apr\u00e8s avoir rencontr\u00e9 le diplomate marocain, Nasser Bourita, l\u2019\u00e9missaire onusien se rendra en Alg\u00e9rie, entant que partie essentielle du diff\u00e9rend artificiel de plus de quarante ans. Au cours de cette premi\u00e8re escale \u00e0 Rabat de la visite de l\u2019ancien membre de l\u2019Ex\u00e9cutif italien, la d\u00e9l\u00e9gation marocaine a mis en exergue les positions du Royaume, fond\u00e9es sur la solution aff\u00e9rente \u00e0 l\u2019initiative de l\u2019autonomie sous la souverainet\u00e9 marocaine. Et ce, sous l\u2019\u00e9gide exclusive des Nations Unies et en pr\u00e9sence de quatre parties int\u00e9ress\u00e9es par le processus de n\u00e9gociation.<\/p>\n<p>Il importe de souligner que cette visite survient \u00e0 un contexte plut\u00f4t favorable \u00e0 la th\u00e8se nationale, compte tenu de l\u2019appui solennel dont elle jouit, \u00e0 travers la plan\u00e8te, notamment la reconnaissance am\u00e9ricaine de la souverainet\u00e9 du Maroc sur son Sahara et la r\u00e9cente position de l\u2019Etat germanique acquise \u00e0 ce propos. De m\u00eame, ces \u00e9changes sont, en fait, d\u00e9limit\u00e9s par les conclusions du Conseil de S\u00e9curit\u00e9, approuv\u00e9es par la quasi-totalit\u00e9 de ses membres, hormis les abstentions de la Russie et la Tunisie.<\/p>\n<p>Cette d\u00e9cision repose sur la position claire et franche selon laquelle le Souverain avait mis l\u2019accent, lors du discours de la marche verte, sur le fait que \u00ab\u00a0le Maroc ne n\u00e9gocie nullement sur son Sahara et la marocanit\u00e9 de son Sahara n\u2019est pas et ne sera jamais objet de n\u00e9gociation et que le Maroc n\u00e9gocie exclusivement en vue de trouver une solution pacifique au conflit artificiel\u00a0!\u00a0\u00bb.<\/p>\n<p>Sur ce, il va sans dire que cette rencontre avec le d\u00e9l\u00e9gu\u00e9 personnel du Secr\u00e9taire G\u00e9n\u00e9ral des Nations Unies n\u2019est, en fin de compte qu\u2019une focalisation accentu\u00e9e sur la position nette du Maroc, soutenant les efforts onusiens qui mettent la solution de l\u2019autonomie au c\u0153ur de ces r\u00e9solutions depuis 2007. Il convient de rappeler que cette table ronde s\u2019est d\u00e9roul\u00e9e en pr\u00e9sence de l\u2019ambassadeur, repr\u00e9sentant permanent du Royaume du Maroc aupr\u00e8s de l\u2019ONU, Omar Hilale, un expert de renom qui, a maintes reprises, il mettait en \u00e9chec toutes les man\u0153uvres fallacieuses de la junte d\u2019Alger et son guignol polisarien.<\/p>\n<p>A cet \u00e9gard, il est \u00e0 relever que la suggestion marocaine ne cesse de se fortifier par des facteurs sur le terrain, de plus en plus avantageux pour notre th\u00e8se. En fait, il ne fait aucun doute que le r\u00e9gime de l\u2019Alg\u00e9rie vit actuellement des \u00e9chauffour\u00e9es militaris\u00e9es intestines et des crises internes funestes, menant \u00e0 l\u2019effilochage de l\u2019horizon des s\u00e9paratistes. Face \u00e0 ce chaos d\u00e9sastreux, il n\u2019y a pas d\u2019autre issue que la proposition de l\u2019autonomie \u00e0 m\u00eame de faire face aux man\u0153uvres foment\u00e9es de toutes pi\u00e8ces par les d\u00e9tracteurs de notre pays, depuis plus de quatre d\u00e9cennies sur la r\u00e9gion.<\/p>\n<p>L\u2019article <a rel=\"nofollow\" href=\"http:\/\/albayane.press.ma\/lexecution-de-la-resolution-onusienne.html\">L\u2019ex\u00e9cution de la r\u00e9solution onusienne<\/a> est apparu en premier sur <a rel=\"nofollow\" href=\"http:\/\/albayane.press.ma\/\">ALBAYANE<\/a>.<\/p>\n<\/div>\n<p>Auteur: M&rsquo;hammed rahal<br \/>\n<a href=\"http:\/\/albayane.press.ma\/lexecution-de-la-resolution-onusienne.html\">Cliquez ici pour lire l&rsquo;article depuis sa source.<\/a><\/p>\n","protected":false},"excerpt":{"rendered":"<p>Conform\u00e9ment \u00e0 la r\u00e9solution des Nations Unis n* 2602, du 29 octobre 2021, l\u2019envoy\u00e9 sp\u00e9cial italo-su\u00e9dois du Conseil de S\u00e9curit\u00e9, Staffan De Mistura, effectue, \u00e0 pr\u00e9sent, une tourn\u00e9e de pourparlers avec les responsables des pays concern\u00e9s par le dossier du Sahara. Apr\u00e8s avoir rencontr\u00e9 le diplomate marocain, Nasser Bourita, l\u2019\u00e9missaire onusien se rendra en Alg\u00e9rie, [&hellip;]<\/p>\n","protected":false},"author":1760,"featured_media":0,"comment_status":"closed","ping_status":"closed","sticky":false,"template":"","format":"standard","meta":{"fifu_image_url":"","fifu_image_alt":"","footnotes":""},"categories":[73,54],"tags":[],"class_list":["post-138632","post","type-post","status-publish","format-standard","hentry","category-actualite","category-maroc"],"_links":{"self":[{"href":"https:\/\/linitiative.ca\/International\/wp-json\/wp\/v2\/posts\/138632","targetHints":{"allow":["GET"]}}],"collection":[{"href":"https:\/\/linitiative.ca\/International\/wp-json\/wp\/v2\/posts"}],"about":[{"href":"https:\/\/linitiative.ca\/International\/wp-json\/wp\/v2\/types\/post"}],"author":[{"embeddable":true,"href":"https:\/\/linitiative.ca\/International\/wp-json\/wp\/v2\/users\/1760"}],"replies":[{"embeddable":true,"href":"https:\/\/linitiative.ca\/International\/wp-json\/wp\/v2\/comments?post=138632"}],"version-history":[{"count":0,"href":"https:\/\/linitiative.ca\/International\/wp-json\/wp\/v2\/posts\/138632\/revisions"}],"wp:attachment":[{"href":"https:\/\/linitiative.ca\/International\/wp-json\/wp\/v2\/media?parent=138632"}],"wp:term":[{"taxonomy":"category","embeddable":true,"href":"https:\/\/linitiative.ca\/International\/wp-json\/wp\/v2\/categories?post=138632"},{"taxonomy":"post_tag","embeddable":true,"href":"https:\/\/linitiative.ca\/International\/wp-json\/wp\/v2\/tags?post=138632"}],"curies":[{"name":"wp","href":"https:\/\/api.w.org\/{rel}","templated":true}]}}