{"id":138633,"date":"2022-01-16T08:41:54","date_gmt":"2022-01-16T13:41:54","guid":{"rendered":"https:\/\/linitiative.ca\/International\/les-condoleances-de-nabil-benabdallah-a-lambassadeur-de-palestine-au-maroc-et-a-la-famille-du-defunt\/"},"modified":"2022-01-16T08:41:54","modified_gmt":"2022-01-16T13:41:54","slug":"les-condoleances-de-nabil-benabdallah-a-lambassadeur-de-palestine-au-maroc-et-a-la-famille-du-defunt","status":"publish","type":"post","link":"https:\/\/linitiative.ca\/International\/les-condoleances-de-nabil-benabdallah-a-lambassadeur-de-palestine-au-maroc-et-a-la-famille-du-defunt\/","title":{"rendered":"Les condol\u00e9ances de Nabil Benabdallah \u00e0 l\u2019ambassadeur de Palestine au Maroc et \u00e0 la famille du d\u00e9funt"},"content":{"rendered":"<div>\n<p class=\"has-text-align-center has-vivid-red-color has-text-color\"><strong>Abou Marouan tire sa r\u00e9v\u00e9rence \u00e0 Rabat<\/strong><\/p>\n<p><strong>A la suite du d\u00e9c\u00e8s \u00e0 Rabat, du grand militant et dirigeant Wajih Hassan Ali Kacem, dont le nom de guerre est \u00ab\u00a0Abou Marouane\u00a0\u00bb, ancien ambassadeur de l\u2019Etat de Palestine au Maroc et dirigeant de premier plan de la cause palestinienne, le Secr\u00e9taire g\u00e9n\u00e9ral du Parti du progr\u00e8s et du socialisme, Mohamed Nabil Benabdallah, a adress\u00e9 des messages de condol\u00e9ances \u00e0 la petite famille du regrett\u00e9 d\u00e9funt ainsi qu\u2019\u00e0 l\u2019ambassadeur actuel de l\u2019Etat de Palestine au Maroc, Jamal Chbouki. En voici la teneur.<\/strong><\/p>\n<p><strong>Dans ses deux messages de condol\u00e9ances, Nabil Benabdallah dit que le PPS a appris \u00abavec une profonde \u00e9motion et une immense tristesse\u00bb le d\u00e9c\u00e8s de \u00abnotre fr\u00e8re et ami Wajih Hassan Ali Kacem (Abou Marouane), ancien ambassadeur de l\u2019Etat fr\u00e8re de Palestine au Maroc, durant de nombreuses, longues et fructueuses ann\u00e9es, que Dieu le b\u00e9nisse de Son immense mis\u00e9ricorde et accorde Paix\u00a0 son \u00e2me\u00a0\u00bb.<\/strong><\/p>\n<p><strong>\u00abC\u2019est avec une profonde \u00e9motion et une grande tristesse que nous avons appris, au Parti du Progr\u00e8s et du Socialisme, la nouvelle du d\u00e9c\u00e8s de notre fr\u00e8re et ami Wajih Hassan Ali Kacem (Abou Marouane), ancien ambassadeur de l\u2019Etat de Palestine s\u0153ur au Maroc, durant de longues et fructueuses ann\u00e9es, que Dieu l\u2019ait en Sa sainte mis\u00e9ricorde et l\u2019accueille en Son vaste paradis.<\/strong><\/p>\n<p><strong>A l\u2019issue de cette grande perte, la volont\u00e9 divine \u00e9tant imparable, je vous exprime, en mon nom propre et en celui des membres du bureau politique et du comit\u00e9 central et en celui de l\u2019ensemble des militantes et des militants du Parti du Progr\u00e8s et du Socialisme marocain, et \u00e0 travers vous, au peuple palestinien fr\u00e8re, les condol\u00e9ances les plus vives et les sentiments de profonde compassion dans la perte d\u2019un militant exceptionnel, un diplomate chevronn\u00e9, un responsable s\u00e9rieux, un ami fid\u00e8le et un homme de grande civilit\u00e9.<\/strong><\/p>\n<p><strong>Tout en partageant avec vous, au Parti du Progr\u00e8s et du Socialisme et avec la famille du d\u00e9funt et sa grande famille, les sentiments de chagrin au cours de ces tristes moments, nous rendons hommage avec grande estime, aux services du d\u00e9funt, \u00e0 ses qualit\u00e9s humaines louables et \u00e0 son parcours militant et professionnel riche. Il a consacr\u00e9 la grande partie de sa vie riche en actions au service de la cause palestinienne juste et l\u00e9gitime avec noblesse, sinc\u00e9rit\u00e9, d\u00e9termination et abn\u00e9gation. Il illustrait parfaitement \u00e0 travers ses actions la solidit\u00e9 et la fraternit\u00e9 qui marquent les relations entre la Palestine et le Maroc sur tous les plans et \u00e0 tous les niveaux.<\/strong><\/p>\n<p><strong>Nous implorons le Tr\u00e8s Haut de vous accorder ainsi qu\u2019\u00e0 la famille du d\u00e9funt et \u00e0 l\u2019ensemble de ses\u00a0 connaissances, ses amis et ses proches patience et r\u00e9confort et de r\u00e9tribuer le regrett\u00e9 d\u00e9funt pour ses nobles services et ses qualit\u00e9s exceptionnelles. Puisse-t-il l\u2019accueillir parmi les saints en son paradis.<\/strong><\/p>\n<p class=\"has-text-align-center\"><strong>Nous sommes \u00e0 Dieu et \u00e0 Lui nous retournons \u00bb.<\/strong><\/p>\n<p>L\u2019article <a rel=\"nofollow\" href=\"http:\/\/albayane.press.ma\/les-condoleances-de-nabil-benabdallah-a-lambassadeur-de-palestine-au-maroc-et-a-la-famille-du-defunt.html\">Les condol\u00e9ances de Nabil Benabdallah \u00e0 l\u2019ambassadeur de Palestine au Maroc et \u00e0 la famille du d\u00e9funt<\/a> est apparu en premier sur <a rel=\"nofollow\" href=\"http:\/\/albayane.press.ma\/\">ALBAYANE<\/a>.<\/p>\n<\/div>\n<p>Auteur: M&rsquo;hammed rahal<br \/>\n<a href=\"http:\/\/albayane.press.ma\/les-condoleances-de-nabil-benabdallah-a-lambassadeur-de-palestine-au-maroc-et-a-la-famille-du-defunt.html\">Cliquez ici pour lire l&rsquo;article depuis sa source.<\/a><\/p>\n","protected":false},"excerpt":{"rendered":"<p>Abou Marouan tire sa r\u00e9v\u00e9rence \u00e0 Rabat A la suite du d\u00e9c\u00e8s \u00e0 Rabat, du grand militant et dirigeant Wajih Hassan Ali Kacem, dont le nom de guerre est \u00ab\u00a0Abou Marouane\u00a0\u00bb, ancien ambassadeur de l\u2019Etat de Palestine au Maroc et dirigeant de premier plan de la cause palestinienne, le Secr\u00e9taire g\u00e9n\u00e9ral du Parti du progr\u00e8s [&hellip;]<\/p>\n","protected":false},"author":1760,"featured_media":0,"comment_status":"closed","ping_status":"closed","sticky":false,"template":"","format":"standard","meta":{"fifu_image_url":"","fifu_image_alt":"","footnotes":""},"categories":[73,54],"tags":[],"class_list":["post-138633","post","type-post","status-publish","format-standard","hentry","category-actualite","category-maroc"],"_links":{"self":[{"href":"https:\/\/linitiative.ca\/International\/wp-json\/wp\/v2\/posts\/138633","targetHints":{"allow":["GET"]}}],"collection":[{"href":"https:\/\/linitiative.ca\/International\/wp-json\/wp\/v2\/posts"}],"about":[{"href":"https:\/\/linitiative.ca\/International\/wp-json\/wp\/v2\/types\/post"}],"author":[{"embeddable":true,"href":"https:\/\/linitiative.ca\/International\/wp-json\/wp\/v2\/users\/1760"}],"replies":[{"embeddable":true,"href":"https:\/\/linitiative.ca\/International\/wp-json\/wp\/v2\/comments?post=138633"}],"version-history":[{"count":0,"href":"https:\/\/linitiative.ca\/International\/wp-json\/wp\/v2\/posts\/138633\/revisions"}],"wp:attachment":[{"href":"https:\/\/linitiative.ca\/International\/wp-json\/wp\/v2\/media?parent=138633"}],"wp:term":[{"taxonomy":"category","embeddable":true,"href":"https:\/\/linitiative.ca\/International\/wp-json\/wp\/v2\/categories?post=138633"},{"taxonomy":"post_tag","embeddable":true,"href":"https:\/\/linitiative.ca\/International\/wp-json\/wp\/v2\/tags?post=138633"}],"curies":[{"name":"wp","href":"https:\/\/api.w.org\/{rel}","templated":true}]}}