{"id":138634,"date":"2022-01-16T08:52:15","date_gmt":"2022-01-16T13:52:15","guid":{"rendered":"https:\/\/linitiative.ca\/International\/les-marocains-de-yaounde-decortiquent-la-qualification-des-lions\/"},"modified":"2022-01-16T08:52:15","modified_gmt":"2022-01-16T13:52:15","slug":"les-marocains-de-yaounde-decortiquent-la-qualification-des-lions","status":"publish","type":"post","link":"https:\/\/linitiative.ca\/International\/les-marocains-de-yaounde-decortiquent-la-qualification-des-lions\/","title":{"rendered":"Les Marocains de Yaound\u00e9 d\u00e9cortiquent la qualification des Lions"},"content":{"rendered":"<div>\n<p class=\"has-text-align-center has-vivid-red-color has-text-color\"><strong>CAN-2021<\/strong><\/p>\n<p class=\"has-text-align-right\"><strong>Afajdar Anouar-ES la MAP \u00e0 Yaound\u00e9<\/strong><\/p>\n<p class=\"has-vivid-cyan-blue-color has-text-color\"><strong>Les Marocains de Yaound\u00e9 ont suivi avec beaucoup d\u2019int\u00e9r\u00eat et d\u2019attention la rencontre ayant oppos\u00e9 le Maroc aux \u00celes Comores, scell\u00e9e par la victoire et couronn\u00e9e par la qualification des Lions de l\u2019Atlas pour les huiti\u00e8mes de finale de la 33e Coupe d\u2019Afrique des Nations.<\/strong><\/p>\n<p>Certains sont partis au stade, d\u2019autres ont pr\u00e9f\u00e9r\u00e9 voir ce match chez eux ou rassembl\u00e9s dans des caf\u00e9s de la capitale camerounaise. Points commun entre ces ressortissants marocains \u00e9tablis au Cameroun: l\u2019amour de la Patrie et des Lions.<\/p>\n<p>Heureusement, cette rencontre a connu la victoire des Marocains et une domination nette dans tous les secteurs du jeu. Saluant cette performance des Lions, les Marocains de Yaound\u00e9 ont, en analystes cette fois-ci, relev\u00e9 un certain manque d\u2019efficacit\u00e9 devant les buts.<\/p>\n<p>\u00ab\u00a0Nous sommes tr\u00e8s contents de cette victoire. Le Maroc a tr\u00e8s bien jou\u00e9\u00a0\u00bb, s\u2019est f\u00e9licit\u00e9 Mourad, regrettant, cependant, ce manque d\u2019efficacit\u00e9 qui a emp\u00each\u00e9 les Nationaux de l\u2019emporter sur un score plus large.<\/p>\n<p>Pour lui, le Maroc poss\u00e8de tous les ingr\u00e9dients n\u00e9cessaires pour signer un bon parcours durant cette 33\u00e8me \u00e9dition de la CAN et aller le plus loin possible.<\/p>\n<p>Pour Hassan, il s\u2019est dit \u00eatre craintif avant le d\u00e9but de la rencontre, en l\u2019occurrence de tomber dans ce pi\u00e8ge comme a \u00e9t\u00e9 signal\u00e9 par le s\u00e9lectionneur national.<\/p>\n<p>\u00ab\u00a0Mais, les Marocains ne sont pas tomb\u00e9s dans ce pi\u00e8ge. Ils ont bien n\u00e9goci\u00e9 le match, sans sous-estimer l\u2019adversaire. Cette victoire est m\u00e9rit\u00e9e et j\u2019esp\u00e8re que le Maroc fera un bon r\u00e9sultat contre le Gabon pour rester \u00e0 Yaound\u00e9\u00a0\u00bb, a-t-il dit.<\/p>\n<p>Safae a, quant \u00e0 elle, indiqu\u00e9 que ce match \u00e9tait tr\u00e8s riche en occasions et en opportunit\u00e9s pour le Maroc, qui a pu jusqu\u2019ici dicter sa loi durant les deux premi\u00e8res rencontres. \u00ab\u00a0C\u2019\u00e9tait un beau spectacle, un jeu tr\u00e8s propre\u00a0\u00bb, a-t-elle relev\u00e9, tout en \u00e9mettant son souhait que dans les phases \u00e0 \u00e9limination directe, les Lions de l\u2019Atlas concr\u00e9tisent le maximum d\u2019occasions qu\u2019ils se procurent.<\/p>\n<p>De son c\u00f4t\u00e9, Ahmed a soulign\u00e9 que le match \u00e9tait ouvert et les Nationaux ont jou\u00e9 la balle au sol pour chercher Ayoub El Kaabi.<\/p>\n<p>Il a, en outre, salu\u00e9 Achraf Hakimi qui a pu se relever apr\u00e8s une baisse de r\u00e9gime en premi\u00e8re mi-temps et souhait\u00e9 un parcours plein de r\u00e9ussite pour les Lions de l\u2019Atlas.<\/p>\n<p>Apr\u00e8s avoir battu lundi le Ghana 1-0 et l\u2019\u00e9quipe des Comores vendredi par 2-0, les Lions de l\u2019Atlas affronteront dans leur prochaine rencontre le Gabon, dans l\u2019objectif de remporter ce match et de rester \u00e0 Yaound\u00e9.<\/p>\n<p>L\u2019article <a rel=\"nofollow\" href=\"http:\/\/albayane.press.ma\/les-marocains-de-yaounde-decortiquent-la-qualification-des-lions.html\">Les Marocains de Yaound\u00e9 d\u00e9cortiquent la qualification des Lions<\/a> est apparu en premier sur <a rel=\"nofollow\" href=\"http:\/\/albayane.press.ma\/\">ALBAYANE<\/a>.<\/p>\n<\/div>\n<p>Auteur: M&rsquo;hammed rahal<br \/>\n<a href=\"http:\/\/albayane.press.ma\/les-marocains-de-yaounde-decortiquent-la-qualification-des-lions.html\">Cliquez ici pour lire l&rsquo;article depuis sa source.<\/a><\/p>\n","protected":false},"excerpt":{"rendered":"<p>CAN-2021 Afajdar Anouar-ES la MAP \u00e0 Yaound\u00e9 Les Marocains de Yaound\u00e9 ont suivi avec beaucoup d\u2019int\u00e9r\u00eat et d\u2019attention la rencontre ayant oppos\u00e9 le Maroc aux \u00celes Comores, scell\u00e9e par la victoire et couronn\u00e9e par la qualification des Lions de l\u2019Atlas pour les huiti\u00e8mes de finale de la 33e Coupe d\u2019Afrique des Nations. Certains sont partis [&hellip;]<\/p>\n","protected":false},"author":1760,"featured_media":0,"comment_status":"closed","ping_status":"closed","sticky":false,"template":"","format":"standard","meta":{"fifu_image_url":"","fifu_image_alt":"","footnotes":""},"categories":[73,54],"tags":[],"class_list":["post-138634","post","type-post","status-publish","format-standard","hentry","category-actualite","category-maroc"],"_links":{"self":[{"href":"https:\/\/linitiative.ca\/International\/wp-json\/wp\/v2\/posts\/138634","targetHints":{"allow":["GET"]}}],"collection":[{"href":"https:\/\/linitiative.ca\/International\/wp-json\/wp\/v2\/posts"}],"about":[{"href":"https:\/\/linitiative.ca\/International\/wp-json\/wp\/v2\/types\/post"}],"author":[{"embeddable":true,"href":"https:\/\/linitiative.ca\/International\/wp-json\/wp\/v2\/users\/1760"}],"replies":[{"embeddable":true,"href":"https:\/\/linitiative.ca\/International\/wp-json\/wp\/v2\/comments?post=138634"}],"version-history":[{"count":0,"href":"https:\/\/linitiative.ca\/International\/wp-json\/wp\/v2\/posts\/138634\/revisions"}],"wp:attachment":[{"href":"https:\/\/linitiative.ca\/International\/wp-json\/wp\/v2\/media?parent=138634"}],"wp:term":[{"taxonomy":"category","embeddable":true,"href":"https:\/\/linitiative.ca\/International\/wp-json\/wp\/v2\/categories?post=138634"},{"taxonomy":"post_tag","embeddable":true,"href":"https:\/\/linitiative.ca\/International\/wp-json\/wp\/v2\/tags?post=138634"}],"curies":[{"name":"wp","href":"https:\/\/api.w.org\/{rel}","templated":true}]}}