{"id":138635,"date":"2022-01-16T08:56:56","date_gmt":"2022-01-16T13:56:56","guid":{"rendered":"https:\/\/linitiative.ca\/International\/le-pps-sactive-sur-tous-les-plans-pour-leur-rapatriement-immediat\/"},"modified":"2022-01-16T08:56:56","modified_gmt":"2022-01-16T13:56:56","slug":"le-pps-sactive-sur-tous-les-plans-pour-leur-rapatriement-immediat","status":"publish","type":"post","link":"https:\/\/linitiative.ca\/International\/le-pps-sactive-sur-tous-les-plans-pour-leur-rapatriement-immediat\/","title":{"rendered":"Le PPS s\u2019active sur tous les plans pour leur rapatriement imm\u00e9diat"},"content":{"rendered":"<div>\n<p class=\"has-text-align-center has-vivid-red-color has-text-color\">Marocains bloqu\u00e9s \u00e0 l\u2019\u00e9tranger<\/p>\n<p class=\"has-text-align-right\"><strong>M\u2019Barek Tafsi<\/strong><\/p>\n<p class=\"has-vivid-cyan-blue-color has-text-color\"><strong>Tr\u00e8s inquiet du sort des Marocains bloqu\u00e9s \u00e0 l\u2019\u00e9tranger depuis la fermeture par le Maroc de ses fronti\u00e8res, il y a plus d\u2019un mois, le groupe parlementaire du Progr\u00e8s et du Socialisme (PPS) a saisi \u00e0 ce propos le pr\u00e9sident de la Chambre des repr\u00e9sentants, le ministre des affaires \u00e9trang\u00e8res et demand\u00e9 la r\u00e9union en urgence de la commission parlementaire en charge du dossier, dans l\u2019espoir de les rapatrier sans plus tarder.<\/strong><\/p>\n<p>Dans des lettres adress\u00e9es vendredi 14 janvier courant au pr\u00e9sident de la chambre des repr\u00e9sentants, Rachid Talbi Alami, au ministre des affaires \u00e9trang\u00e8res, de la coop\u00e9ration africaine et des Marocains r\u00e9sidant \u00e0 l\u2019Etranger, Nasser Bourita et \u00e0 la pr\u00e9sidente de la commission des affaires \u00e9trang\u00e8res, de la d\u00e9fense nationale, des affaires islamiques et des Marocains r\u00e9sidents \u00e0 l\u2019\u00e9tranger, Nadia Bouaida, le pr\u00e9sident du GPS, Rachid Hamouni revient en d\u00e9tail sur le calvaire de ces Marocains bloqu\u00e9s \u00e0 l\u2019\u00e9tranger, qui ont perdu au terme de leur s\u00e9jour \u00e0 l\u2019\u00e9tranger pour diverses raisons (professionnelle, m\u00e9dicale, \u00e9tudes, touristique) non seulement tous leurs moyens de subsistance, mais \u00e9galement leur patience. C\u2019est ainsi qu\u2019ils se trouvent dans une situation mat\u00e9rielle et psychologique pr\u00e9caire, \u00e9crit-il.<\/p>\n<p>Dans sa lettre au pr\u00e9sident de la chambre des repr\u00e9sentants, Hamouni demande \u00e0 prendre en urgence la parole pour souligner la n\u00e9cessit\u00e9 d\u2019agir pour rapatrier les Marocains bloqu\u00e9s \u00e0 l\u2019\u00e9tranger et qui font face \u00e0 une situation difficile sur les plans mat\u00e9riel et psychologique. Ils n\u2019ont plus d\u2019argent et n\u2019attendent plus que leur rapatriement, explique-t-il, soulignant la n\u00e9cessit\u00e9 de prendre des mesures exceptionnelles pour qu\u2019ils regagnent leur pays.<\/p>\n<p>Dans une question orale d\u2019actualit\u00e9 au ministre des AE, Hamouni explique que la crise des Marocains bloqu\u00e9s \u00e0 l\u2019\u00e9tranger requiert des mesures exceptionnelles pour les rapatrier sans plus tarder.<\/p>\n<p>Le pr\u00e9sident du GPS demande aussi, dans sa lettre adress\u00e9e \u00e0 Mme Bouaida, la convocation de la commission parlementaire pr\u00e9cit\u00e9e pour d\u00e9battre de la question en pr\u00e9sence du ministre des AE, Nasser Bourita dans le but de d\u00e9livrer le plus vite possible ces milliers de Marocains de leur pi\u00e8ge.<\/p>\n<p>L\u2019article <a rel=\"nofollow\" href=\"http:\/\/albayane.press.ma\/le-pps-sactive-sur-tous-les-plans-pour-leur-rapatriement-immediat.html\">Le PPS s\u2019active sur tous les plans pour leur rapatriement imm\u00e9diat<\/a> est apparu en premier sur <a rel=\"nofollow\" href=\"http:\/\/albayane.press.ma\/\">ALBAYANE<\/a>.<\/p>\n<\/div>\n<p>Auteur: M&rsquo;hammed rahal<br \/>\n<a href=\"http:\/\/albayane.press.ma\/le-pps-sactive-sur-tous-les-plans-pour-leur-rapatriement-immediat.html\">Cliquez ici pour lire l&rsquo;article depuis sa source.<\/a><\/p>\n","protected":false},"excerpt":{"rendered":"<p>Marocains bloqu\u00e9s \u00e0 l\u2019\u00e9tranger M\u2019Barek Tafsi Tr\u00e8s inquiet du sort des Marocains bloqu\u00e9s \u00e0 l\u2019\u00e9tranger depuis la fermeture par le Maroc de ses fronti\u00e8res, il y a plus d\u2019un mois, le groupe parlementaire du Progr\u00e8s et du Socialisme (PPS) a saisi \u00e0 ce propos le pr\u00e9sident de la Chambre des repr\u00e9sentants, le ministre des affaires [&hellip;]<\/p>\n","protected":false},"author":1760,"featured_media":0,"comment_status":"closed","ping_status":"closed","sticky":false,"template":"","format":"standard","meta":{"fifu_image_url":"","fifu_image_alt":"","footnotes":""},"categories":[73,54],"tags":[],"class_list":["post-138635","post","type-post","status-publish","format-standard","hentry","category-actualite","category-maroc"],"_links":{"self":[{"href":"https:\/\/linitiative.ca\/International\/wp-json\/wp\/v2\/posts\/138635","targetHints":{"allow":["GET"]}}],"collection":[{"href":"https:\/\/linitiative.ca\/International\/wp-json\/wp\/v2\/posts"}],"about":[{"href":"https:\/\/linitiative.ca\/International\/wp-json\/wp\/v2\/types\/post"}],"author":[{"embeddable":true,"href":"https:\/\/linitiative.ca\/International\/wp-json\/wp\/v2\/users\/1760"}],"replies":[{"embeddable":true,"href":"https:\/\/linitiative.ca\/International\/wp-json\/wp\/v2\/comments?post=138635"}],"version-history":[{"count":0,"href":"https:\/\/linitiative.ca\/International\/wp-json\/wp\/v2\/posts\/138635\/revisions"}],"wp:attachment":[{"href":"https:\/\/linitiative.ca\/International\/wp-json\/wp\/v2\/media?parent=138635"}],"wp:term":[{"taxonomy":"category","embeddable":true,"href":"https:\/\/linitiative.ca\/International\/wp-json\/wp\/v2\/categories?post=138635"},{"taxonomy":"post_tag","embeddable":true,"href":"https:\/\/linitiative.ca\/International\/wp-json\/wp\/v2\/tags?post=138635"}],"curies":[{"name":"wp","href":"https:\/\/api.w.org\/{rel}","templated":true}]}}