{"id":138644,"date":"2022-01-16T10:25:17","date_gmt":"2022-01-16T15:25:17","guid":{"rendered":"https:\/\/linitiative.ca\/International\/covid-5-428-nouveaux-cas-et-13-deces-ce-dimanche-16-janvier\/"},"modified":"2022-01-16T10:25:17","modified_gmt":"2022-01-16T15:25:17","slug":"covid-5-428-nouveaux-cas-et-13-deces-ce-dimanche-16-janvier","status":"publish","type":"post","link":"https:\/\/linitiative.ca\/International\/covid-5-428-nouveaux-cas-et-13-deces-ce-dimanche-16-janvier\/","title":{"rendered":"Covid: 5.428 nouveaux cas et 13 d\u00e9c\u00e8s ce dimanche 16 janvier"},"content":{"rendered":"<div>\n<div class=\"field field-name-body field-type-text-with-summary field-label-hidden\">\n<div class=\"field-items\">\n<div class=\"field-item even\" property=\"content:encoded\">\n<p class=\"rtejustify\">Un total de <strong>5.428<\/strong> nouveaux cas d&rsquo;infection au nouveau coronavirus (Covid-19) et <strong>5.404<\/strong> gu\u00e9risons ont \u00e9t\u00e9 enregistr\u00e9s au Maroc dans les derni\u00e8res 24 heures, a indiqu\u00e9 dimanche le minist\u00e8re de la Sant\u00e9 et de la protection sociale. Dans son bulletin quotidien sur la situation \u00e9pid\u00e9miologique, le minist\u00e8re a relev\u00e9 que le nombre de primo-vaccin\u00e9s a atteint <strong>24.612.973<\/strong>, celui des personnes ayant re\u00e7u deux doses s&rsquo;\u00e9l\u00e8ve \u00e0 <strong>23.008.669<\/strong>, alors que <strong>3.786.619<\/strong> personnes ont eu trois injections.<\/p>\n<\/div>\n<\/div>\n<\/div>\n<\/div>\n<p>Auteur: hgueye<br \/>\n<a href=\"https:\/\/www.leconomiste.com\/flash-infos\/covid-5-428-nouveaux-cas-et-13-deces-ce-dimanche-16-janvier\">Cliquez ici pour lire l&rsquo;article depuis sa source.<\/a><\/p>\n","protected":false},"excerpt":{"rendered":"<p>Un total de 5.428 nouveaux cas d&rsquo;infection au nouveau coronavirus (Covid-19) et 5.404 gu\u00e9risons ont \u00e9t\u00e9 enregistr\u00e9s au Maroc dans les derni\u00e8res 24 heures, a indiqu\u00e9 dimanche le minist\u00e8re de la Sant\u00e9 et de la protection sociale. Dans son bulletin quotidien sur la situation \u00e9pid\u00e9miologique, le minist\u00e8re a relev\u00e9 que le nombre de primo-vaccin\u00e9s a [&hellip;]<\/p>\n","protected":false},"author":1763,"featured_media":0,"comment_status":"closed","ping_status":"closed","sticky":false,"template":"","format":"standard","meta":{"fifu_image_url":"","fifu_image_alt":"","footnotes":""},"categories":[78,54],"tags":[],"class_list":["post-138644","post","type-post","status-publish","format-standard","hentry","category-economie","category-maroc"],"_links":{"self":[{"href":"https:\/\/linitiative.ca\/International\/wp-json\/wp\/v2\/posts\/138644","targetHints":{"allow":["GET"]}}],"collection":[{"href":"https:\/\/linitiative.ca\/International\/wp-json\/wp\/v2\/posts"}],"about":[{"href":"https:\/\/linitiative.ca\/International\/wp-json\/wp\/v2\/types\/post"}],"author":[{"embeddable":true,"href":"https:\/\/linitiative.ca\/International\/wp-json\/wp\/v2\/users\/1763"}],"replies":[{"embeddable":true,"href":"https:\/\/linitiative.ca\/International\/wp-json\/wp\/v2\/comments?post=138644"}],"version-history":[{"count":0,"href":"https:\/\/linitiative.ca\/International\/wp-json\/wp\/v2\/posts\/138644\/revisions"}],"wp:attachment":[{"href":"https:\/\/linitiative.ca\/International\/wp-json\/wp\/v2\/media?parent=138644"}],"wp:term":[{"taxonomy":"category","embeddable":true,"href":"https:\/\/linitiative.ca\/International\/wp-json\/wp\/v2\/categories?post=138644"},{"taxonomy":"post_tag","embeddable":true,"href":"https:\/\/linitiative.ca\/International\/wp-json\/wp\/v2\/tags?post=138644"}],"curies":[{"name":"wp","href":"https:\/\/api.w.org\/{rel}","templated":true}]}}