{"id":138650,"date":"2022-01-16T03:00:00","date_gmt":"2022-01-16T08:00:00","guid":{"rendered":"https:\/\/linitiative.ca\/International\/abdelaziz-kacem-saveur-et-savoir-meme-etymologie\/"},"modified":"2022-01-16T03:00:00","modified_gmt":"2022-01-16T08:00:00","slug":"abdelaziz-kacem-saveur-et-savoir-meme-etymologie","status":"publish","type":"post","link":"https:\/\/linitiative.ca\/International\/abdelaziz-kacem-saveur-et-savoir-meme-etymologie\/","title":{"rendered":"Abdelaziz Kacem: Saveur et savoir, m\u00eame \u00e9tymologie"},"content":{"rendered":"<div><img decoding=\"async\" src=\"https:\/\/linitiative.ca\/International\/wp-content\/uploads\/sites\/23\/2022\/01\/1642280661_article.jpg\" alt=\"Abdelaziz Kacem: Saveur et savoir, m\u00eame \u00e9tymologie\" align=\"left\">La facult\u00e9 des Lettres, des Arts et des Humanit\u00e9s de Manouba a organis\u00e9, les 9, 10 et 11 d\u00e9cembre dernier, un Congr\u00e8s international sur le th\u00e8me \u00abLe Sensible\u00bb. J\u2019y ai particip\u00e9. Ci-apr\u00e8s ma communication :<br \/>\nAu moment o\u00f9, au t\u00e9l\u00e9phone, l\u2019ami Habib Ben Salha me sommait de\u00a0 communiquer, s\u00e9ance tenante, le titre de ma contribution, j\u2019avais sous les yeux un quatrain providentiel:<br \/>\nDe notre temps, en d\u00e9pit des disettes,<br \/>\nQuand savoir et saveur clamaient leur parent\u00e8le,<br \/>\nNous r\u00eavions d\u2019\u00e9lever nos descendances<br \/>\nEn leur l\u00e9guant de fabuleux carnets d\u2019adresses.<br \/>\n(Quatrains en d\u00e9sh\u00e9rence)<br \/>\n\u00abSaveur et savoir, m\u00eame \u00e9tymologie\u00bb et l\u2019une ne va pas sans l\u2019autre. Tout &#8230;<\/p>\n<\/div>\n<p>Auteur:<br \/>\n<a href=\"https:\/\/www.leaders.com.tn\/article\/32868-abdelaziz-kacem-saveur-et-savoir-meme-etymologie\">Cliquez ici pour lire l&rsquo;article depuis sa source.<\/a><\/p>\n","protected":false},"excerpt":{"rendered":"<p>La facult\u00e9 des Lettres, des Arts et des Humanit\u00e9s de Manouba a organis\u00e9, les 9, 10 et 11 d\u00e9cembre dernier, un Congr\u00e8s international sur le th\u00e8me \u00abLe Sensible\u00bb. J\u2019y ai particip\u00e9. Ci-apr\u00e8s ma communication : Au moment o\u00f9, au t\u00e9l\u00e9phone, l\u2019ami Habib Ben Salha me sommait de\u00a0 communiquer, s\u00e9ance tenante, le titre de ma contribution, [&hellip;]<\/p>\n","protected":false},"author":1772,"featured_media":0,"comment_status":"closed","ping_status":"closed","sticky":false,"template":"","format":"standard","meta":{"fifu_image_url":"http:\/\/www.leaders.com.tn\/uploads\/content\/thumbnails_small\/1642280661_article.jpg","fifu_image_alt":"Abdelaziz Kacem: Saveur et savoir, m\u00eame \u00e9tymologie","footnotes":""},"categories":[73,55],"tags":[],"class_list":["post-138650","post","type-post","status-publish","format-standard","hentry","category-actualite","category-tunisie"],"_links":{"self":[{"href":"https:\/\/linitiative.ca\/International\/wp-json\/wp\/v2\/posts\/138650","targetHints":{"allow":["GET"]}}],"collection":[{"href":"https:\/\/linitiative.ca\/International\/wp-json\/wp\/v2\/posts"}],"about":[{"href":"https:\/\/linitiative.ca\/International\/wp-json\/wp\/v2\/types\/post"}],"author":[{"embeddable":true,"href":"https:\/\/linitiative.ca\/International\/wp-json\/wp\/v2\/users\/1772"}],"replies":[{"embeddable":true,"href":"https:\/\/linitiative.ca\/International\/wp-json\/wp\/v2\/comments?post=138650"}],"version-history":[{"count":0,"href":"https:\/\/linitiative.ca\/International\/wp-json\/wp\/v2\/posts\/138650\/revisions"}],"wp:attachment":[{"href":"https:\/\/linitiative.ca\/International\/wp-json\/wp\/v2\/media?parent=138650"}],"wp:term":[{"taxonomy":"category","embeddable":true,"href":"https:\/\/linitiative.ca\/International\/wp-json\/wp\/v2\/categories?post=138650"},{"taxonomy":"post_tag","embeddable":true,"href":"https:\/\/linitiative.ca\/International\/wp-json\/wp\/v2\/tags?post=138650"}],"curies":[{"name":"wp","href":"https:\/\/api.w.org\/{rel}","templated":true}]}}