{"id":138652,"date":"2022-01-16T08:31:00","date_gmt":"2022-01-16T13:31:00","guid":{"rendered":"https:\/\/linitiative.ca\/International\/le-combat-dun-resistant-septuagenaire-palestinien-ecrase-par-une-voiture-de-police-de-loccupant\/"},"modified":"2022-01-16T08:31:00","modified_gmt":"2022-01-16T13:31:00","slug":"le-combat-dun-resistant-septuagenaire-palestinien-ecrase-par-une-voiture-de-police-de-loccupant","status":"publish","type":"post","link":"https:\/\/linitiative.ca\/International\/le-combat-dun-resistant-septuagenaire-palestinien-ecrase-par-une-voiture-de-police-de-loccupant\/","title":{"rendered":"Le combat d\u2019un r\u00e9sistant septuag\u00e9naire palestinien \u00e9cras\u00e9 par une voiture de police de l\u2019occupant"},"content":{"rendered":"<div><img decoding=\"async\" src=\"https:\/\/linitiative.ca\/International\/wp-content\/uploads\/sites\/23\/2022\/01\/1642341187_article.jpg\" alt=\"Le combat d\u2019un r\u00e9sistant septuag\u00e9naire palestinien \u00e9cras\u00e9 par une voiture de police de l\u2019occupant\" align=\"left\">Par Mohamed Larbi Bouguerra &#8211; Isra\u00ebl ne s\u2019embarrasse d\u2019aucun texte ni d\u2019aucune d\u00e9cision internationale**. Son arm\u00e9e, ses gardes-fronti\u00e8res et sa police assassinent impun\u00e9ment femmes, enfants, personnes \u00e2g\u00e9es sans que nul n\u2019\u00e9l\u00e8ve la voix pour condamner ce nettoyage ethnique au XXI\u00e8me si\u00e8cle alors que la Palestine est le seul pays occup\u00e9 sur cette plan\u00e8te et o\u00f9 s\u2019exerce un apartheid monstrueux.<br \/>\nDans Haaretz &#8211; quotidien isra\u00e9lien- du 14 janvier 2022, Gideon Levy montre, \u00e0 travers la trag\u00e9die qui a frapp\u00e9 le septuag\u00e9naire Souleiman Hadalan, l\u2019ignoble et large panoplie de s\u00e9vices que l\u2019occupation isra\u00e9lienne inflige, au quotidien, aux Palestiniens. Ceux-ci, en &#8230;<\/p>\n<\/div>\n<p>Auteur:<br \/>\n<a href=\"https:\/\/www.leaders.com.tn\/article\/32869-le-combat-d-un-resistant-septuagenaire-palestinien-ecrase-par-une-voiture-de-police-de-l-occupant\">Cliquez ici pour lire l&rsquo;article depuis sa source.<\/a><\/p>\n","protected":false},"excerpt":{"rendered":"<p>Par Mohamed Larbi Bouguerra &#8211; Isra\u00ebl ne s\u2019embarrasse d\u2019aucun texte ni d\u2019aucune d\u00e9cision internationale**. Son arm\u00e9e, ses gardes-fronti\u00e8res et sa police assassinent impun\u00e9ment femmes, enfants, personnes \u00e2g\u00e9es sans que nul n\u2019\u00e9l\u00e8ve la voix pour condamner ce nettoyage ethnique au XXI\u00e8me si\u00e8cle alors que la Palestine est le seul pays occup\u00e9 sur cette plan\u00e8te et o\u00f9 [&hellip;]<\/p>\n","protected":false},"author":1772,"featured_media":0,"comment_status":"closed","ping_status":"closed","sticky":false,"template":"","format":"standard","meta":{"fifu_image_url":"http:\/\/www.leaders.com.tn\/uploads\/content\/thumbnails_small\/1642341187_article.jpg","fifu_image_alt":"Le combat d\u2019un r\u00e9sistant septuag\u00e9naire palestinien \u00e9cras\u00e9 par une voiture de police de l\u2019occupant","footnotes":""},"categories":[73,55],"tags":[],"class_list":["post-138652","post","type-post","status-publish","format-standard","hentry","category-actualite","category-tunisie"],"_links":{"self":[{"href":"https:\/\/linitiative.ca\/International\/wp-json\/wp\/v2\/posts\/138652","targetHints":{"allow":["GET"]}}],"collection":[{"href":"https:\/\/linitiative.ca\/International\/wp-json\/wp\/v2\/posts"}],"about":[{"href":"https:\/\/linitiative.ca\/International\/wp-json\/wp\/v2\/types\/post"}],"author":[{"embeddable":true,"href":"https:\/\/linitiative.ca\/International\/wp-json\/wp\/v2\/users\/1772"}],"replies":[{"embeddable":true,"href":"https:\/\/linitiative.ca\/International\/wp-json\/wp\/v2\/comments?post=138652"}],"version-history":[{"count":0,"href":"https:\/\/linitiative.ca\/International\/wp-json\/wp\/v2\/posts\/138652\/revisions"}],"wp:attachment":[{"href":"https:\/\/linitiative.ca\/International\/wp-json\/wp\/v2\/media?parent=138652"}],"wp:term":[{"taxonomy":"category","embeddable":true,"href":"https:\/\/linitiative.ca\/International\/wp-json\/wp\/v2\/categories?post=138652"},{"taxonomy":"post_tag","embeddable":true,"href":"https:\/\/linitiative.ca\/International\/wp-json\/wp\/v2\/tags?post=138652"}],"curies":[{"name":"wp","href":"https:\/\/api.w.org\/{rel}","templated":true}]}}