{"id":138660,"date":"2022-01-16T08:15:36","date_gmt":"2022-01-16T13:15:36","guid":{"rendered":"https:\/\/linitiative.ca\/International\/jose-manuel-albares-satisfait-de-la-cooperation-avec-le-maroc-en-matiere-de-canalisation-des-flux-migratoires-irreguliers\/"},"modified":"2022-01-16T08:15:36","modified_gmt":"2022-01-16T13:15:36","slug":"jose-manuel-albares-satisfait-de-la-cooperation-avec-le-maroc-en-matiere-de-canalisation-des-flux-migratoires-irreguliers","status":"publish","type":"post","link":"https:\/\/linitiative.ca\/International\/jose-manuel-albares-satisfait-de-la-cooperation-avec-le-maroc-en-matiere-de-canalisation-des-flux-migratoires-irreguliers\/","title":{"rendered":"Jos\u00e9 Manuel Albares satisfait de la coop\u00e9ration avec le Maroc en mati\u00e8re de canalisation des flux migratoires irr\u00e9guliers"},"content":{"rendered":"<div><img decoding=\"async\" width=\"880\" height=\"495\" src=\"https:\/\/linitiative.ca\/International\/wp-content\/uploads\/sites\/23\/2022\/01\/ESPAGNE.jpg\" class=\"attachment-post-thumbnail size-post-thumbnail wp-post-image\" alt=\"\" loading=\"lazy\" srcset=\"https:\/\/linitiative.ca\/International\/wp-content\/uploads\/sites\/23\/2022\/01\/ESPAGNE.jpg 880w, https:\/\/www.challenge.ma\/wp-content\/uploads\/2022\/01\/ESPAGNE-300x169.jpg 300w, https:\/\/www.challenge.ma\/wp-content\/uploads\/2022\/01\/ESPAGNE-768x432.jpg 768w, https:\/\/www.challenge.ma\/wp-content\/uploads\/2022\/01\/ESPAGNE-360x203.jpg 360w, https:\/\/www.challenge.ma\/wp-content\/uploads\/2022\/01\/ESPAGNE-750x422.jpg 750w\" sizes=\"auto, (max-width: 880px) 100vw, 880px\" itemprop=\"image\">Le ministre espagnol des Affaires \u00e9trang\u00e8res, de l\u2019UE et de la coop\u00e9ration a salu\u00e9 le r\u00f4le du Maroc dans la canalisation des flux migratoires irr\u00e9guliers vers son pays. Dans une interview \u00e0 elDiario.es, Jos\u00e9 Manuel Albares a indiqu\u00e9 que \u00ab\u00a0juste pendant la p\u00e9riode de No\u00ebl, sur un intervalle d\u2019environ 15<\/div>\n<p>Auteur: challenge<br \/>\n<a href=\"https:\/\/www.challenge.ma\/jose-manuel-albares-satisfait-de-la-cooperation-avec-le-maroc-en-matiere-de-canalisation-des-flux-migratoires-irreguliers-230718\/\">Cliquez ici pour lire l&rsquo;article depuis sa source.<\/a><\/p>\n","protected":false},"excerpt":{"rendered":"<p>Le ministre espagnol des Affaires \u00e9trang\u00e8res, de l\u2019UE et de la coop\u00e9ration a salu\u00e9 le r\u00f4le du Maroc dans la canalisation des flux migratoires irr\u00e9guliers vers son pays. Dans une interview \u00e0 elDiario.es, Jos\u00e9 Manuel Albares a indiqu\u00e9 que \u00ab\u00a0juste pendant la p\u00e9riode de No\u00ebl, sur un intervalle d\u2019environ 15 Auteur: challenge Cliquez ici pour [&hellip;]<\/p>\n","protected":false},"author":1787,"featured_media":0,"comment_status":"closed","ping_status":"closed","sticky":false,"template":"","format":"standard","meta":{"fifu_image_url":"https:\/\/www.challenge.ma\/wp-content\/uploads\/2022\/01\/ESPAGNE.jpg","fifu_image_alt":"Jos\u00e9 Manuel Albares satisfait de la coop\u00e9ration avec le Maroc en mati\u00e8re de canalisation des flux migratoires irr\u00e9guliers","footnotes":""},"categories":[78,54],"tags":[],"class_list":["post-138660","post","type-post","status-publish","format-standard","hentry","category-economie","category-maroc"],"_links":{"self":[{"href":"https:\/\/linitiative.ca\/International\/wp-json\/wp\/v2\/posts\/138660","targetHints":{"allow":["GET"]}}],"collection":[{"href":"https:\/\/linitiative.ca\/International\/wp-json\/wp\/v2\/posts"}],"about":[{"href":"https:\/\/linitiative.ca\/International\/wp-json\/wp\/v2\/types\/post"}],"author":[{"embeddable":true,"href":"https:\/\/linitiative.ca\/International\/wp-json\/wp\/v2\/users\/1787"}],"replies":[{"embeddable":true,"href":"https:\/\/linitiative.ca\/International\/wp-json\/wp\/v2\/comments?post=138660"}],"version-history":[{"count":0,"href":"https:\/\/linitiative.ca\/International\/wp-json\/wp\/v2\/posts\/138660\/revisions"}],"wp:attachment":[{"href":"https:\/\/linitiative.ca\/International\/wp-json\/wp\/v2\/media?parent=138660"}],"wp:term":[{"taxonomy":"category","embeddable":true,"href":"https:\/\/linitiative.ca\/International\/wp-json\/wp\/v2\/categories?post=138660"},{"taxonomy":"post_tag","embeddable":true,"href":"https:\/\/linitiative.ca\/International\/wp-json\/wp\/v2\/tags?post=138660"}],"curies":[{"name":"wp","href":"https:\/\/api.w.org\/{rel}","templated":true}]}}