{"id":138672,"date":"2022-01-16T17:15:33","date_gmt":"2022-01-16T22:15:33","guid":{"rendered":"https:\/\/linitiative.ca\/International\/rehabilitation-de-la-mosquee-de-dioulassoba-vers-une-nouvelle-feuille-de-route\/"},"modified":"2022-01-16T17:15:33","modified_gmt":"2022-01-16T22:15:33","slug":"rehabilitation-de-la-mosquee-de-dioulassoba-vers-une-nouvelle-feuille-de-route","status":"publish","type":"post","link":"https:\/\/linitiative.ca\/International\/rehabilitation-de-la-mosquee-de-dioulassoba-vers-une-nouvelle-feuille-de-route\/","title":{"rendered":"R\u00e9habilitation de la mosqu\u00e9e de Dioulassoba : Vers une nouvelle feuille de route"},"content":{"rendered":"<div>\n<p><strong>Le ministre de la Communication, des Relations avec le Parlement, de la Culture, des Arts et du Tourisme, Ouss\u00e9ni Tamboura, et la ministre d\u00e9l\u00e9gu\u00e9e charg\u00e9e de la Culture, des Arts et du Tourisme, Bonwendson Claudine Val\u00e9rie Rouamba, ont visit\u00e9 la grande mosqu\u00e9e de Dioulassoba, le vendredi 14 janvier 2022 \u00e0 Bobo-Dioulasso. Apr\u00e8s la visite, ils ont \u00e9chang\u00e9 avec les responsables de la mosqu\u00e9e sur la probl\u00e9matique de sa r\u00e9habilitation.<\/strong><\/p>\n<p>Construite depuis 1880, la mosqu\u00e9e de Dioulassoba, situ\u00e9e en plein centre de la ville de Bobo-Dioulasso avait fait l\u2019objet de r\u00e9habilitation entre 2016 et 2019. Cependant, une partie du minaret principal s\u2019est \u00e9croul\u00e9e le 8 aout 2021, suite \u00e0 des intemp\u00e9ries. Le minist\u00e8re en charge de la culture d\u2019alors a commandit\u00e9 une \u00e9tude aupr\u00e8s du d\u00e9partement minist\u00e9riel charg\u00e9 de l\u2019urbanisme, afin de conna\u00eetre les causes r\u00e9elles de cet incident et poser des bases pour une r\u00e9habilitation future.<\/p>\n<p>Le vendredi 14 janvier 2022, ladite \u00e9tude a \u00e9t\u00e9 restitu\u00e9e, en pr\u00e9sence des responsables du comit\u00e9 de r\u00e9habilitation de la mosqu\u00e9e afin de leur permettre de s\u2019approprier le contenu. Le ministre de la Communication, des Relations avec le Parlement, de la Culture, des Arts et du Tourisme, Ouss\u00e9ni Tamboura, et la ministre d\u00e9l\u00e9gu\u00e9e charg\u00e9e de la Culture, des Arts et du Tourisme, Bonwendson Claudine Val\u00e9rie Rouamba, ont visit\u00e9 la mosqu\u00e9e, avant de particip\u00e9 aux travaux.<\/p>\n<p>Cette visite avait pour but de discuter avec les responsables de la mosqu\u00e9e sur la probl\u00e9matique de sa r\u00e9habilitation.<\/p>\n<h3>Des failles dans les travaux de r\u00e9habilitation<\/h3>\n<p>A l\u2019issue des \u00e9changes qui se sont d\u00e9roul\u00e9s \u00e0 huis-clos, la ministre Bonwendson Claudine Val\u00e9rie Rouamba a expliqu\u00e9 que le rapport du minist\u00e8re en charge de l\u2019habitat sera une \u00ab importante \u00bb feuille de route pour la r\u00e9habilitation de la mosqu\u00e9e.<\/p>\n<figure id=\"attachment_44358\" aria-describedby=\"caption-attachment-44358\" style=\"width: 300px\" class=\"wp-caption alignleft\"><img decoding=\"async\" loading=\"lazy\" class=\"size-medium wp-image-44358\" src=\"https:\/\/linitiative.ca\/International\/wp-content\/uploads\/sites\/23\/2022\/01\/mosquee-300x146-1.gif\" alt=\"\" width=\"300\" height=\"146\" srcset=\"https:\/\/linitiative.ca\/International\/wp-content\/uploads\/sites\/23\/2022\/01\/mosquee-300x146-1.gif 300w, https:\/\/www.sidwaya.info\/wp-content\/uploads\/2022\/01\/mosquee-768x373.gif 768w, https:\/\/www.sidwaya.info\/wp-content\/uploads\/2022\/01\/mosquee-150x73.gif 150w, https:\/\/www.sidwaya.info\/wp-content\/uploads\/2022\/01\/mosquee-696x338.gif 696w, https:\/\/www.sidwaya.info\/wp-content\/uploads\/2022\/01\/mosquee-533x261.gif 533w\" sizes=\"auto, (max-width: 300px) 100vw, 300px\"><figcaption id=\"caption-attachment-44358\" class=\"wp-caption-text\">C\u2019est suite \u00e0 l\u2019appropriation du rapport de l\u2019\u00e9tude par les acteurs que la mosqu\u00e9e<br \/>sera r\u00e9habilit\u00e9e.<\/figcaption><\/figure>\n<p>\u00ab Nous allons restituer cette \u00e9tude aux diff\u00e9rents acteurs et voir comment entamer le plus rapidement possible les travaux pour que cet \u00e9norme patrimoine puisse \u00eatre utilis\u00e9 par les populations \u00bb, a-t-elle promis. Pour Mme Rouamba, l\u2019\u00e9tude sera d\u2019abord appropri\u00e9e au niveau local avant qu\u2019une feuille de route puisse \u00eatre \u00e9tablie par les acteurs pour un d\u00e9marrage des travaux. Le pr\u00e9sident du comit\u00e9 de r\u00e9habilitation de la mosqu\u00e9e de Dioulassoba, Amadou Sanogo, a dit \u00eatre ravi, pr\u00e9cisant qu\u2019il accueille le rapport avec satisfaction.<\/p>\n<p>\u00ab L\u2019\u00e9tude du minist\u00e8re de l\u2019Habitat a relev\u00e9 des insuffisances et des petites failles lors des travaux jusqu\u2019\u00e0 l\u2019effondrement du minaret. Nous allons en prendre compte dans la r\u00e9habilitation \u00bb, a-t-il laiss\u00e9 entendre. A entendre Amadou Sanogo, son \u00e9quipe travaillera en parfaite collaboration avec les techniciens du gouvernement. \u00ab Nous connaissons l\u2019importance de cette mosqu\u00e9e pour le gouvernement. Nous allons travailler en synergie avec les techniciens de l\u2019Etat pour corriger les insuffisances des travaux ant\u00e9rieurs et prendre en compte les observations \u00e9manant de l\u2019\u00e9tude \u00bb, a-t-il rassur\u00e9.<\/p>\n<p>Amadou Sanogo a par ailleurs appel\u00e9 les populations \u00e0 \u00eatre patientes pour une bonne ex\u00e9cution de la t\u00e2che. \u00ab J\u2019appelle la population \u00e0 faire preuve de patience pour que l\u2019infrastructure qui sera livr\u00e9e puisse \u00eatre de qualit\u00e9 \u00bb, a-t-il affirm\u00e9. Dans l\u2019apr\u00e8s-midi, les deux ministres ont \u00e9chang\u00e9 avec les personnels des structures d\u00e9concentr\u00e9es du minist\u00e8re afin de recueillir leurs pr\u00e9occupations et leurs attentes. Par la suite, ils ont tenu une rencontre sur l\u2019organisation prochaine de la Semaine nationale de la culture (SNC).<\/p>\n<p style=\"text-align: right\"><strong>Boudayinga J-M THIENON Sosth\u00e8ne SOMBIE<\/strong><\/p>\n<p style=\"text-align: right\">(Stagiaire)<\/p>\n<p>L\u2019article <a rel=\"nofollow\" href=\"https:\/\/www.sidwaya.info\/blog\/2022\/01\/16\/rehabilitation-de-la-mosquee-de-dioulassoba-vers-une-nouvelle-feuille-de-route\/\">R\u00e9habilitation de la mosqu\u00e9e de Dioulassoba : Vers une nouvelle feuille de route<\/a> est apparu en premier sur <a rel=\"nofollow\" href=\"https:\/\/www.sidwaya.info\/\">Quotidien Sidwaya<\/a>.<\/p>\n<\/div>\n<p>Auteur: JK. Sidwaya<br \/>\n<a href=\"https:\/\/www.sidwaya.info\/blog\/2022\/01\/16\/rehabilitation-de-la-mosquee-de-dioulassoba-vers-une-nouvelle-feuille-de-route\/?utm_source=rss&#038;utm_medium=rss&#038;utm_campaign=rehabilitation-de-la-mosquee-de-dioulassoba-vers-une-nouvelle-feuille-de-route\">Cliquez ici pour lire l&rsquo;article depuis sa source.<\/a><\/p>\n","protected":false},"excerpt":{"rendered":"<p>Le ministre de la Communication, des Relations avec le Parlement, de la Culture, des Arts et du Tourisme, Ouss\u00e9ni Tamboura, et la ministre d\u00e9l\u00e9gu\u00e9e charg\u00e9e de la Culture, des Arts et du Tourisme, Bonwendson Claudine Val\u00e9rie Rouamba, ont visit\u00e9 la grande mosqu\u00e9e de Dioulassoba, le vendredi 14 janvier 2022 \u00e0 Bobo-Dioulasso. Apr\u00e8s la visite, ils [&hellip;]<\/p>\n","protected":false},"author":1816,"featured_media":0,"comment_status":"closed","ping_status":"closed","sticky":false,"template":"","format":"standard","meta":{"fifu_image_url":"https:\/\/www.sidwaya.info\/wp-content\/uploads\/2022\/01\/mosquee-300x146.gif","fifu_image_alt":"R\u00e9habilitation de la mosqu\u00e9e de Dioulassoba : Vers une nouvelle feuille de route","footnotes":""},"categories":[73,81],"tags":[],"class_list":["post-138672","post","type-post","status-publish","format-standard","hentry","category-actualite","category-burkina-faso"],"_links":{"self":[{"href":"https:\/\/linitiative.ca\/International\/wp-json\/wp\/v2\/posts\/138672","targetHints":{"allow":["GET"]}}],"collection":[{"href":"https:\/\/linitiative.ca\/International\/wp-json\/wp\/v2\/posts"}],"about":[{"href":"https:\/\/linitiative.ca\/International\/wp-json\/wp\/v2\/types\/post"}],"author":[{"embeddable":true,"href":"https:\/\/linitiative.ca\/International\/wp-json\/wp\/v2\/users\/1816"}],"replies":[{"embeddable":true,"href":"https:\/\/linitiative.ca\/International\/wp-json\/wp\/v2\/comments?post=138672"}],"version-history":[{"count":0,"href":"https:\/\/linitiative.ca\/International\/wp-json\/wp\/v2\/posts\/138672\/revisions"}],"wp:attachment":[{"href":"https:\/\/linitiative.ca\/International\/wp-json\/wp\/v2\/media?parent=138672"}],"wp:term":[{"taxonomy":"category","embeddable":true,"href":"https:\/\/linitiative.ca\/International\/wp-json\/wp\/v2\/categories?post=138672"},{"taxonomy":"post_tag","embeddable":true,"href":"https:\/\/linitiative.ca\/International\/wp-json\/wp\/v2\/tags?post=138672"}],"curies":[{"name":"wp","href":"https:\/\/api.w.org\/{rel}","templated":true}]}}