{"id":138674,"date":"2022-01-16T17:18:44","date_gmt":"2022-01-16T22:18:44","guid":{"rendered":"https:\/\/linitiative.ca\/International\/deces-dibk-la-fin-dun-parcours-politique\/"},"modified":"2022-01-16T17:18:44","modified_gmt":"2022-01-16T22:18:44","slug":"deces-dibk-la-fin-dun-parcours-politique","status":"publish","type":"post","link":"https:\/\/linitiative.ca\/International\/deces-dibk-la-fin-dun-parcours-politique\/","title":{"rendered":"D\u00e9c\u00e8s d\u2019IBK : La fin d\u2019un parcours politique"},"content":{"rendered":"<div>\n<p><strong>L\u2019ancien pr\u00e9sident malien, Ibrahim Boubacar Ke\u00efta (2013-2020), s\u2019est \u00e9teint hier dimanche 16 janvier 2022 \u00e0 Bamako. Il \u00e9tait \u00e2g\u00e9 de 76 ans. <\/strong><\/p>\n<p>L\u2019ancien pr\u00e9sident malien, Ibrahim Boubacar Ke\u00efta (2013-2020), s\u2019est \u00e9teint hier dimanche 16 janvier 2022 \u00e0 Bamako. Il \u00e9tait \u00e2g\u00e9 de 76 ans.\u00a0 L\u2019ancien pr\u00e9sident malien, Ibrahim Boubacar Ke\u00efta qui a dirig\u00e9 le Mali entre 2013 et 2020, est d\u00e9c\u00e9d\u00e9 hier dimanche 16 janvier 2022 \u00ab\u00a0\u00e0 9h00 GMT, heure locale \u00e0 son domicile\u00a0\u00bb de Bamako \u00e0 l\u2019\u00e2ge de 76 ans. L\u2019information a \u00e9t\u00e9 confirm\u00e9e par plusieurs membres de sa famille et de son entourage. La cause du d\u00e9c\u00e8s n\u2019a pas \u00e9t\u00e9 pr\u00e9cis\u00e9e.<\/p>\n<p>Ibrahim Boubacar Ke\u00efta (IBK), \u00e9lu pr\u00e9sident du Mali en septembre 2013, avait \u00e9t\u00e9 renvers\u00e9 par des militaires en ao\u00fbt 2020. IBK, qui se r\u00e9clamait de la gauche, a connu une ascension fulgurante sous Alpha Oumar Konar\u00e9, premier pr\u00e9sident (1992-2002) de l\u2019\u00e8re d\u00e9mocratique du Mali. Il a notamment \u00e9t\u00e9 Premier ministre de 1994 \u00e0 2000. Pr\u00e9tendant malheureux \u00e0 l\u2019\u00e9lection pr\u00e9sidentielle de 2002, il tient sa revanche en acc\u00e9dant au palais de Koulouba, le si\u00e8ge de la pr\u00e9sidence malienne \u00e0 Bamako, en 2013.<\/p>\n<p>Il sera r\u00e9\u00e9lu en 2018 face \u00e0 Souma\u00efla Ciss\u00e9, alors leader de l\u2019opposition et d\u00e9c\u00e9d\u00e9 en d\u00e9cembre 2020 de la COVID-19. Lors du coup d\u2019Etat de 2020, dans un contexte de mouvement populaire, il est arr\u00eat\u00e9 par une garnison de militaires, avec le Premier ministre, Boubou Ciss\u00e9, et plusieurs hauts responsables politiques ; dans la foul\u00e9e, il renonce au pouvoir sous la pression de l\u2019arm\u00e9e. IBK est n\u00e9 en 1945\u00a0\u00e0 Koutiala, situ\u00e9 dans la r\u00e9gion de Sikasso, dans le sud-est du Mali, pr\u00e8s de la fronti\u00e8re avec le Burkina.<\/p>\n<p>Issu d\u2019une famille nombreuse qu\u2019il pr\u00e9sentait\u00a0comme descendante de la dynastie Ke\u00efta, il a commenc\u00e9 sa scolarit\u00e9 dans cette r\u00e9gion natale avant de s\u2019envoler pour\u00a0Paris\u00a0en 1958\u00a0lorsqu\u2019il remporta\u00a0le concours g\u00e9n\u00e9ral organis\u00e9 par les Fran\u00e7ais dans chacune de leurs colonies. Les \u00e9tablissements les plus prestigieux de\u00a0Paris\u00a0lui ont alors ouvert leurs portes.\u00a0Janson-de-Sailly pour le lyc\u00e9e, puis retour au lyc\u00e9e Askia-Mohamed-de-Bamako, comme l\u2019a souhait\u00e9 sa m\u00e8re.<\/p>\n<p>Le baccalaur\u00e9at en poche, il s\u2019inscrit \u00e0 la facult\u00e9 des Lettres de l\u2019universit\u00e9 de Dakar, puis \u00e0 la Sorbonne, \u00e0 Paris, o\u00f9 il effectue une ma\u00eetrise d\u2019histoire. Egalement dipl\u00f4m\u00e9 en relations internationales, il est, apr\u00e8s ses \u00e9tudes, charg\u00e9 de recherches au Centre national de la recherche scientifique (CNRS). C\u2019est en 1992\u00a0qu\u2019IBK d\u00e9couvre\u00a0la politique apr\u00e8s un d\u00e9but de carri\u00e8re dans l\u2019aide au d\u00e9veloppement.<\/p>\n<p>Il devient alors le prot\u00e9g\u00e9 d\u2019un certain\u00a0Alpha Oumar Konar\u00e9, ancien pr\u00e9sident malien qui en fait tour \u00e0 tour son conseiller diplomatique, son porte-parole, son ministre des Affaires \u00e9trang\u00e8res et enfin son Premier ministre entre\u00a01994 et\u00a02000. Durant ses \u00e9tudes \u00e0 Paris, IBK a \u00e9t\u00e9 responsable de l\u2019Association des \u00e9tudiants et stagiaires maliens en\u00a0France\u00a0(AESMF), qui \u00e9tait une des sections de la F\u00e9d\u00e9ration des \u00e9tudiants africains de\u00a0France\u00a0(FEANF).<\/p>\n<p>Il y rencontra\u00a0notamment\u00a0Alpha Cond\u00e9, l\u2019ancien pr\u00e9sident guin\u00e9en, lui aussi d\u00e9chu. L\u2019engagement militant d\u2019IBK contre le r\u00e9gime militaire alors en place \u00e0 Bamako lui vaudra par ailleurs une suspension de sa bourse d\u2019\u00e9tudes octroy\u00e9e par l\u2019Etat malien. Mais rien n\u2019arr\u00eata\u00a0la motivation du jeune \u00e9tudiant qui aimait se d\u00e9crire\u00a0comme socialiste, il encha\u00eena\u00a0les petits boulots en tant que manutentionnaire ou ouvrier chez\u00a0Citro\u00ebn.<\/p>\n<p>Ex-karat\u00e9ka, IBK a obtenu un 2e dan. Mari\u00e9 \u00e0 Aminata Ma\u00efga Ke\u00efta, avec laquelle il a eu quatre enfants, IBK \u00e9tait un musulman pratiquant. Il a fait le p\u00e8lerinage \u00e0 La Mecque. Ce qui l\u2019a rapproch\u00e9 dans un premier temps de l\u2019imam Mahmoud Dicko, alors pr\u00e9sident du Haut Conseil islamique du Mali (HCIM), sorte de relais entre les associations musulmanes, les mosqu\u00e9es et les autorit\u00e9s. Un atout de taille qui avait plac\u00e9 IBK naturellement sous les bons auspices de nombreux chefs religieux du pays.<\/p>\n<p style=\"text-align: right\"><strong>W. Aubin NANA<\/strong><\/p>\n<p style=\"text-align: right\">Sources : www.lefigaro.fr<\/p>\n<p style=\"text-align: right\">www.lepoint.fr<\/p>\n<p>L\u2019article <a rel=\"nofollow\" href=\"https:\/\/www.sidwaya.info\/blog\/2022\/01\/16\/deces-dibk-la-fin-dun-parcours-politique\/\">D\u00e9c\u00e8s d\u2019IBK : La fin d\u2019un parcours politique<\/a> est apparu en premier sur <a rel=\"nofollow\" href=\"https:\/\/www.sidwaya.info\/\">Quotidien Sidwaya<\/a>.<\/p>\n<\/div>\n<p>Auteur: JK. Sidwaya<br \/>\n<a href=\"https:\/\/www.sidwaya.info\/blog\/2022\/01\/16\/deces-dibk-la-fin-dun-parcours-politique\/?utm_source=rss&#038;utm_medium=rss&#038;utm_campaign=deces-dibk-la-fin-dun-parcours-politique\">Cliquez ici pour lire l&rsquo;article depuis sa source.<\/a><\/p>\n","protected":false},"excerpt":{"rendered":"<p>L\u2019ancien pr\u00e9sident malien, Ibrahim Boubacar Ke\u00efta (2013-2020), s\u2019est \u00e9teint hier dimanche 16 janvier 2022 \u00e0 Bamako. Il \u00e9tait \u00e2g\u00e9 de 76 ans. L\u2019ancien pr\u00e9sident malien, Ibrahim Boubacar Ke\u00efta (2013-2020), s\u2019est \u00e9teint hier dimanche 16 janvier 2022 \u00e0 Bamako. Il \u00e9tait \u00e2g\u00e9 de 76 ans.\u00a0 L\u2019ancien pr\u00e9sident malien, Ibrahim Boubacar Ke\u00efta qui a dirig\u00e9 le Mali [&hellip;]<\/p>\n","protected":false},"author":1816,"featured_media":0,"comment_status":"closed","ping_status":"closed","sticky":false,"template":"","format":"standard","meta":{"fifu_image_url":"","fifu_image_alt":"","footnotes":""},"categories":[73,81],"tags":[],"class_list":["post-138674","post","type-post","status-publish","format-standard","hentry","category-actualite","category-burkina-faso"],"_links":{"self":[{"href":"https:\/\/linitiative.ca\/International\/wp-json\/wp\/v2\/posts\/138674","targetHints":{"allow":["GET"]}}],"collection":[{"href":"https:\/\/linitiative.ca\/International\/wp-json\/wp\/v2\/posts"}],"about":[{"href":"https:\/\/linitiative.ca\/International\/wp-json\/wp\/v2\/types\/post"}],"author":[{"embeddable":true,"href":"https:\/\/linitiative.ca\/International\/wp-json\/wp\/v2\/users\/1816"}],"replies":[{"embeddable":true,"href":"https:\/\/linitiative.ca\/International\/wp-json\/wp\/v2\/comments?post=138674"}],"version-history":[{"count":0,"href":"https:\/\/linitiative.ca\/International\/wp-json\/wp\/v2\/posts\/138674\/revisions"}],"wp:attachment":[{"href":"https:\/\/linitiative.ca\/International\/wp-json\/wp\/v2\/media?parent=138674"}],"wp:term":[{"taxonomy":"category","embeddable":true,"href":"https:\/\/linitiative.ca\/International\/wp-json\/wp\/v2\/categories?post=138674"},{"taxonomy":"post_tag","embeddable":true,"href":"https:\/\/linitiative.ca\/International\/wp-json\/wp\/v2\/tags?post=138674"}],"curies":[{"name":"wp","href":"https:\/\/api.w.org\/{rel}","templated":true}]}}