{"id":138675,"date":"2022-01-16T17:23:08","date_gmt":"2022-01-16T22:23:08","guid":{"rendered":"https:\/\/linitiative.ca\/International\/sentendre-a-tout-prix\/"},"modified":"2022-01-16T17:23:08","modified_gmt":"2022-01-16T22:23:08","slug":"sentendre-a-tout-prix","status":"publish","type":"post","link":"https:\/\/linitiative.ca\/International\/sentendre-a-tout-prix\/","title":{"rendered":"S\u2019entendre \u00e0 tout prix\u00a0!"},"content":{"rendered":"<div>\n<p>Depuis quelque temps, les autorit\u00e9s de la Transition malienne et les dirigeants de la Communaut\u00e9 des Etats de l\u2019Afrique de l\u2019Ouest (CEDEAO) ne fument plus le calumet de la paix. Le sommet de cette entit\u00e9 sous-r\u00e9gionale \u00e0 Accra au Ghana aura \u00e9t\u00e9 le point d\u2019orgue qui l\u2019oppose \u00e0 la junte au pouvoir, avec une batterie de sanctions qui touchent, en plus des dirigeants du moment, les populations maliennes elles-m\u00eames.<\/p>\n<p>Evidemment, ces sanctions ont d\u00e9clench\u00e9 des vagues d\u2019indignation du c\u00f4t\u00e9 des politiques que du citoyen Lambda. Selon les textes et les principes de la CEDEAO, les coups de force sont strictement interdits dans l\u2019espace ouest-africain. Sur cette base, les sanctions sont donc l\u00e9gales, voire l\u00e9gitimes. En clair, c\u2019est un message fort que la CEDEAO veut et entend faire passer. Les autorit\u00e9s \u00e0 Bamako ont vite fait de contre-attaquer en prenant des mesures de r\u00e9ciprocit\u00e9 qui frisent m\u00eame la d\u00e9fiance.<\/p>\n<p>L\u2019une des le\u00e7ons \u00e0 retenir de ce bras de fer est que le Mali ne peut vivre \u00ab normalement \u00bb sans la CEDEAO et vice-versa. Que ferait en effet le Mali sans l\u2019organisation ? Le pays est li\u00e9 \u00e0 l\u2019institution, historiquement, socialement, culturellement, \u00e9conomiquement et sur le plan g\u00e9ostrat\u00e9gique. Il serait suicidaire pour un pays de se d\u00e9tourner de l\u2019espace communautaire et \u00ab rester debout \u00bb.<\/p>\n<p>Ouvrir ses fronti\u00e8res aux pays en dehors de ceux des Etats de la CEDEAO uniquement prendrait du temps, asphyxierait le pays et serait une entorse \u00e0 la \u00ab normalit\u00e9 \u00bb et comme le dit l\u2019adage : \u00ab Chassez le naturel, il revient au galop \u00bb. Pire, les populations maliennes en souffriront \u00e9norm\u00e9ment, m\u00eame si les manifestations populaires de vendredi dernier pourraient laisser penser \u00e0 une forte r\u00e9silience de celles-ci qui ont \u00ab communi\u00e9 \u00bb avec leurs dirigeants \u00e0 cette occasion.<\/p>\n<p>Du c\u00f4t\u00e9 de la CEDEAO, l\u2019absence ou le retrait du Mali de cet espace handicaperait le pays \u00e0 plus d\u2019un titre. Comme dit le philosophe : \u00ab Un seul \u00eatre vous manque et tout est d\u00e9peupl\u00e9 \u00bb. En somme, autant la CEDEAO a besoin du Mali, autant la Mali a besoin de la CEDEAO. C\u2019est une dialectique dont aucune des parties ne peut se d\u00e9faire, sans cons\u00e9quences majeures sur chacune d\u2019elles.<\/p>\n<p>Les deux protagonistes ont un avenir et un destin communs. Ils ne sauraient se s\u00e9parer sur ce que nous croyons \u00eatre un malheureux malentendu entre eux. C\u2019est pourquoi nous croyons que toute la diplomatie des pays de la CEDEAO doit \u00eatre mise en branle \u00e0 fond pour trouver une solution sinon, cela pourrait donner l\u2019impression que nos dirigeants ne peuvent pas ou ne savent pas r\u00e9soudre les probl\u00e8mes localement.<\/p>\n<p>Il faut surtout \u00e9viter de laisser croire, comme le pensent les dirigeants maliens, que les pr\u00e9sidents ouest-africains \u00ab roulent \u00bb pour des puissances \u00e9trang\u00e8res qui ont des comptes particuliers \u00e0 r\u00e9gler avec le Mali ou font du \u00ab deux poids, deux mesures \u00bb. Un mauvais arrangement ne vaut-il pas mieux qu\u2019un bon proc\u00e8s ? Aux dirigeants maliens et de la CEDEAO de voir !<\/p>\n<p style=\"text-align: right\"><strong>Mahamadi TIEGNA<\/strong><\/p>\n<p style=\"text-align: right\">mahamaditiegna@yahoo.fr<\/p>\n<p>L\u2019article <a rel=\"nofollow\" href=\"https:\/\/www.sidwaya.info\/blog\/2022\/01\/16\/sentendre-a-tout-prix\/\">S\u2019entendre \u00e0 tout prix\u00a0!<\/a> est apparu en premier sur <a rel=\"nofollow\" href=\"https:\/\/www.sidwaya.info\/\">Quotidien Sidwaya<\/a>.<\/p>\n<\/div>\n<p>Auteur: JK. Sidwaya<br \/>\n<a href=\"https:\/\/www.sidwaya.info\/blog\/2022\/01\/16\/sentendre-a-tout-prix\/?utm_source=rss&#038;utm_medium=rss&#038;utm_campaign=sentendre-a-tout-prix\">Cliquez ici pour lire l&rsquo;article depuis sa source.<\/a><\/p>\n","protected":false},"excerpt":{"rendered":"<p>Depuis quelque temps, les autorit\u00e9s de la Transition malienne et les dirigeants de la Communaut\u00e9 des Etats de l\u2019Afrique de l\u2019Ouest (CEDEAO) ne fument plus le calumet de la paix. Le sommet de cette entit\u00e9 sous-r\u00e9gionale \u00e0 Accra au Ghana aura \u00e9t\u00e9 le point d\u2019orgue qui l\u2019oppose \u00e0 la junte au pouvoir, avec une batterie [&hellip;]<\/p>\n","protected":false},"author":1816,"featured_media":0,"comment_status":"closed","ping_status":"closed","sticky":false,"template":"","format":"standard","meta":{"fifu_image_url":"","fifu_image_alt":"","footnotes":""},"categories":[73,81],"tags":[],"class_list":["post-138675","post","type-post","status-publish","format-standard","hentry","category-actualite","category-burkina-faso"],"_links":{"self":[{"href":"https:\/\/linitiative.ca\/International\/wp-json\/wp\/v2\/posts\/138675","targetHints":{"allow":["GET"]}}],"collection":[{"href":"https:\/\/linitiative.ca\/International\/wp-json\/wp\/v2\/posts"}],"about":[{"href":"https:\/\/linitiative.ca\/International\/wp-json\/wp\/v2\/types\/post"}],"author":[{"embeddable":true,"href":"https:\/\/linitiative.ca\/International\/wp-json\/wp\/v2\/users\/1816"}],"replies":[{"embeddable":true,"href":"https:\/\/linitiative.ca\/International\/wp-json\/wp\/v2\/comments?post=138675"}],"version-history":[{"count":0,"href":"https:\/\/linitiative.ca\/International\/wp-json\/wp\/v2\/posts\/138675\/revisions"}],"wp:attachment":[{"href":"https:\/\/linitiative.ca\/International\/wp-json\/wp\/v2\/media?parent=138675"}],"wp:term":[{"taxonomy":"category","embeddable":true,"href":"https:\/\/linitiative.ca\/International\/wp-json\/wp\/v2\/categories?post=138675"},{"taxonomy":"post_tag","embeddable":true,"href":"https:\/\/linitiative.ca\/International\/wp-json\/wp\/v2\/tags?post=138675"}],"curies":[{"name":"wp","href":"https:\/\/api.w.org\/{rel}","templated":true}]}}