{"id":138678,"date":"2022-01-16T09:18:03","date_gmt":"2022-01-16T14:18:03","guid":{"rendered":"https:\/\/linitiative.ca\/International\/mali-deces-de-lancien-president-ibrahim-boubacar-keita\/"},"modified":"2022-01-16T09:18:03","modified_gmt":"2022-01-16T14:18:03","slug":"mali-deces-de-lancien-president-ibrahim-boubacar-keita","status":"publish","type":"post","link":"https:\/\/linitiative.ca\/International\/mali-deces-de-lancien-president-ibrahim-boubacar-keita\/","title":{"rendered":"Mali : d\u00e9c\u00e8s de l\u2019ancien pr\u00e9sident Ibrahim Boubacar Ke\u00efta"},"content":{"rendered":"<div>\n<p><img decoding=\"async\" width=\"1242\" height=\"685\" src=\"https:\/\/linitiative.ca\/International\/wp-content\/uploads\/sites\/23\/2022\/01\/16423426832061.jpg\" class=\"attachment-post-thumbnail size-post-thumbnail wp-post-image\" alt=\"\" loading=\"lazy\" srcset=\"https:\/\/linitiative.ca\/International\/wp-content\/uploads\/sites\/23\/2022\/01\/16423426832061.jpg 1242w, https:\/\/www.journalducameroun.com\/wp-content\/uploads\/2022\/01\/16423426832061-300x165.jpg 300w, https:\/\/www.journalducameroun.com\/wp-content\/uploads\/2022\/01\/16423426832061-1024x565.jpg 1024w, https:\/\/www.journalducameroun.com\/wp-content\/uploads\/2022\/01\/16423426832061-768x424.jpg 768w, https:\/\/www.journalducameroun.com\/wp-content\/uploads\/2022\/01\/16423426832061-798x440.jpg 798w, https:\/\/www.journalducameroun.com\/wp-content\/uploads\/2022\/01\/16423426832061-600x331.jpg 600w\" sizes=\"auto, (max-width: 1242px) 100vw, 1242px\"><\/p>\n<p>L&rsquo;ancien pr\u00e9sident malien Ibrahim Boubacar Ke\u00efta est d\u00e9c\u00e9d\u00e9 ce dimanche 16 janvier 2022 \u00e0 son domicile de BamakoCelui qui \u00e9tait surnomm\u00e9 IBK a dirig\u00e9 le Mali entre 2013 et 2020. Il est d\u00e9c\u00e9d\u00e9 \u00e0 l&rsquo;\u00e2ge de 76 ans, moins de deux ans apr\u00e8s son d\u00e9part du pouvoir.\u00a0\u00abLe pr\u00e9sident IBK (Ibrahim Boubacar Ke\u00efta) est d\u00e9c\u00e9d\u00e9 ce matin \u00e0 09H00 (GMT et locales) \u00e0 son domicile\u00bb \u00e0 Bamako,\u00a0a indiqu\u00e9 \u00e0 l&rsquo;AFP un membre de sa famille.<\/p>\n<p>Ibrahim Boubacar Ke\u00efta est \u00e9lu pour la premi\u00e8re fois pr\u00e9sident du Mali en septembre 2013. Il a \u00e9t\u00e9 r\u00e9\u00e9lu pour un second mandat en 2018 face \u00e0 Souma\u00efla Ciss\u00e9, alors leader de l&rsquo;opposition et d\u00e9c\u00e9d\u00e9 en d\u00e9cembre 2020 du Covid-19.\u00a0<\/p>\n<p>Mais, quelques mois apr\u00e8s sa r\u00e9\u00e9lection, il a \u00e9t\u00e9 renvers\u00e9 par des militaires en ao\u00fbt 2020 \u00e0 la suite d&rsquo;un soul\u00e8vement populaire.<\/p>\n<p>IBK, qui se r\u00e9clamait de la gauche va conna\u00eetre une ascension politique sous le magist\u00e8re d&rsquo;Alpha Oumar Konar\u00e9 (1992-2002) premier pr\u00e9sident d\u00e9mocratiquement \u00e9lu au Mali.\u00a0<br \/>\n\tIl a notamment \u00e9t\u00e9 Premier ministre de 1994 \u00e0 2000 puis pr\u00e9sident de l&rsquo;Assembl\u00e9e nationale de 2002 \u00e0 2007 avant d&rsquo;acc\u00e9der \u00e0 la magistrature supr\u00eame en 2013.<\/p>\n<p>Sa disparition intervient dans un contexte de grave crise s\u00e9curitaire et politique pour le Mali depuis le d\u00e9clenchement d&rsquo;insurrections ind\u00e9pendantiste et djihadiste en 2012.\u00a0<\/p>\n<p>Le pays est aussi frapp\u00e9 depuis une semaine\u00a0\u00a0par les lourdes sanctions des pays de la Communaut\u00e9 \u00e9conomique des \u00c9tats de l&rsquo;Afrique de l&rsquo;Ouest (Cedeao) pour non respect du chronogramme de la transition.<\/p>\n<p>En effet, les\u00a0militaires s&rsquo;\u00e9taient engag\u00e9s\u00a0\u00e0 organiser le 27 f\u00e9vrier 2022 la pr\u00e9sidentielle et les l\u00e9gislatives \u00e0 cette date afin de permettre le retour des civils au pouvoir. Mais la situation s\u00e9curitaire dans le pays marqu\u00e9e par des attaques jihadistes, emp\u00eache la tenue des \u00e9lections selon le pouvoir en place. Et en d\u00e9cembre dernier, les\u00a0conclusions des Assises nationales de la refondation ont donn\u00e9\u00a0carte blanche \u00e0 la junte au pouvoir de conduire une transition de six mois \u00e0 cinq ans.\u00a0<\/p>\n<p>Cet article <a rel=\"nofollow\" href=\"https:\/\/www.journalducameroun.com\/mali-deces-de-lancien-president-ibrahim-boubacar-keita\/\">Mali : d\u00e9c\u00e8s de l\u2019ancien pr\u00e9sident Ibrahim Boubacar Ke\u00efta<\/a> est apparu en premier sur <a rel=\"nofollow\" href=\"https:\/\/www.journalducameroun.com\/\">Journal du Cameroun<\/a>.<\/p>\n<\/div>\n<p>Auteur: APA News<br \/>\n<a href=\"https:\/\/www.journalducameroun.com\/mali-deces-de-lancien-president-ibrahim-boubacar-keita\/\">Cliquez ici pour lire l&rsquo;article depuis sa source.<\/a><\/p>\n","protected":false},"excerpt":{"rendered":"<p>L&rsquo;ancien pr\u00e9sident malien Ibrahim Boubacar Ke\u00efta est d\u00e9c\u00e9d\u00e9 ce dimanche 16 janvier 2022 \u00e0 son domicile de BamakoCelui qui \u00e9tait surnomm\u00e9 IBK a dirig\u00e9 le Mali entre 2013 et 2020. Il est d\u00e9c\u00e9d\u00e9 \u00e0 l&rsquo;\u00e2ge de 76 ans, moins de deux ans apr\u00e8s son d\u00e9part du pouvoir.\u00a0\u00abLe pr\u00e9sident IBK (Ibrahim Boubacar Ke\u00efta) est d\u00e9c\u00e9d\u00e9 ce [&hellip;]<\/p>\n","protected":false},"author":1965,"featured_media":0,"comment_status":"closed","ping_status":"closed","sticky":false,"template":"","format":"standard","meta":{"fifu_image_url":"https:\/\/www.journalducameroun.com\/wp-content\/uploads\/2022\/01\/16423426832061.jpg","fifu_image_alt":"Mali : d\u00e9c\u00e8s de l\u2019ancien pr\u00e9sident Ibrahim Boubacar Ke\u00efta","footnotes":""},"categories":[73,82],"tags":[],"class_list":["post-138678","post","type-post","status-publish","format-standard","hentry","category-actualite","category-cameroun"],"_links":{"self":[{"href":"https:\/\/linitiative.ca\/International\/wp-json\/wp\/v2\/posts\/138678","targetHints":{"allow":["GET"]}}],"collection":[{"href":"https:\/\/linitiative.ca\/International\/wp-json\/wp\/v2\/posts"}],"about":[{"href":"https:\/\/linitiative.ca\/International\/wp-json\/wp\/v2\/types\/post"}],"author":[{"embeddable":true,"href":"https:\/\/linitiative.ca\/International\/wp-json\/wp\/v2\/users\/1965"}],"replies":[{"embeddable":true,"href":"https:\/\/linitiative.ca\/International\/wp-json\/wp\/v2\/comments?post=138678"}],"version-history":[{"count":0,"href":"https:\/\/linitiative.ca\/International\/wp-json\/wp\/v2\/posts\/138678\/revisions"}],"wp:attachment":[{"href":"https:\/\/linitiative.ca\/International\/wp-json\/wp\/v2\/media?parent=138678"}],"wp:term":[{"taxonomy":"category","embeddable":true,"href":"https:\/\/linitiative.ca\/International\/wp-json\/wp\/v2\/categories?post=138678"},{"taxonomy":"post_tag","embeddable":true,"href":"https:\/\/linitiative.ca\/International\/wp-json\/wp\/v2\/tags?post=138678"}],"curies":[{"name":"wp","href":"https:\/\/api.w.org\/{rel}","templated":true}]}}