{"id":138685,"date":"2022-01-17T08:00:41","date_gmt":"2022-01-17T13:00:41","guid":{"rendered":"https:\/\/linitiative.ca\/International\/programme-de-developpement-regional-les-concertations-lancees-a-fnideq\/"},"modified":"2022-01-17T08:00:41","modified_gmt":"2022-01-17T13:00:41","slug":"programme-de-developpement-regional-les-concertations-lancees-a-fnideq","status":"publish","type":"post","link":"https:\/\/linitiative.ca\/International\/programme-de-developpement-regional-les-concertations-lancees-a-fnideq\/","title":{"rendered":"Programme de d\u00e9veloppement r\u00e9gional :  Les concertations lanc\u00e9es \u00e0 Fnideq"},"content":{"rendered":"<div>\n<p><img loading=\"lazy\" decoding=\"async\" width=\"300\" height=\"153\" src=\"https:\/\/linitiative.ca\/International\/wp-content\/uploads\/sites\/23\/2022\/01\/Omar-Moro-Programme-de-deCC81veloppement-reCC81gional-Fnideq-300x153-1.jpg\" class=\"attachment-medium size-medium wp-post-image\" alt=\"\" srcset=\"https:\/\/linitiative.ca\/International\/wp-content\/uploads\/sites\/23\/2022\/01\/Omar-Moro-Programme-de-deCC81veloppement-reCC81gional-Fnideq-300x153-1.jpg 300w, https:\/\/aujourdhui.ma\/wp-content\/uploads\/2022\/01\/Omar-Moro-Programme-de-de\u0301veloppement-re\u0301gional-Fnideq-274x140.jpg 274w, https:\/\/aujourdhui.ma\/wp-content\/uploads\/2022\/01\/Omar-Moro-Programme-de-de\u0301veloppement-re\u0301gional-Fnideq.jpg 746w, https:\/\/aujourdhui.ma\/wp-content\/uploads\/2022\/01\/Omar-Moro-Programme-de-de\u0301veloppement-re\u0301gional-Fnideq-165x84.jpg 165w, https:\/\/aujourdhui.ma\/wp-content\/uploads\/2022\/01\/Omar-Moro-Programme-de-de\u0301veloppement-re\u0301gional-Fnideq-702x358.jpg 702w\" sizes=\"auto, (max-width: 300px) 100vw, 300px\"><\/p>\n<p><span style=\"font-size: 20px; color: #800000;\"><strong>Mise en place d\u2019une plateforme \u00e9lectronique pour accueillir les propositions et les avis concernant ce projet<\/strong> <\/span><br \/>\n<span id=\"more-397490\"><\/span><\/p>\n<p><span style=\"color: #ff0000;\">Les participants ont rappel\u00e9 les priorit\u00e9s de la pr\u00e9fecture et ses besoins ainsi que les aspirations de la population dans les diff\u00e9rents domaines \u00e9conomique, social, culturel et de d\u00e9veloppement durable.<\/span><\/p>\n<p>Pr\u00e9sid\u00e9e par Omar Moro, pr\u00e9sident de la r\u00e9gion (CR-TTA) et Yassine Jari, gouverneur de M\u2019diq-Fnideq, une rencontre vient de se d\u00e9rouler, vendredi 14 janvier, autour du nouveau programme de d\u00e9veloppement r\u00e9gional (PDR) 2022-2027, au si\u00e8ge de la pr\u00e9fecture \u00e0 Fnideq. Cette premi\u00e8re \u00e9tape des concertations pr\u00e9fectorales \u2013 qui sera suivie de celles dans d\u2019autres sept pr\u00e9fectures et provinces du Nord, a eu lieu, selon CR-TTA, apr\u00e8s le lancement officiel du processus d\u2019\u00e9laboration du PDR, il y a plus d\u2019une semaine et sous la pr\u00e9sidence de Mohamed Mhidia, wali de la r\u00e9gion, et M. Moro, \u00e0 la wilaya de Tanger. Et ce conform\u00e9ment aux \u00abdispositions de la loi organique n\u00b0111-14 relative aux r\u00e9gions et selon le d\u00e9cret fixant la proc\u00e9dure d\u2019\u00e9laboration du PDR, de son suivi, de son actualisation, de son \u00e9valuation ainsi que les m\u00e9canismes de dialogue et de concertation pour son \u00e9laboration\u00bb, pr\u00e9cise la m\u00eame source.<\/p>\n<p>Cette premi\u00e8re \u00e9tape des concertations a d\u00e9but\u00e9 par une pr\u00e9sentation technique sur le cadre de r\u00e9f\u00e9rence pour la r\u00e9alisation de ce document, dont la version d\u00e9finitive servira, apr\u00e8s \u00eatre pass\u00e9e par toutes les phases de son \u00e9laboration et de sa mise en vigueur, \u00e0 la mise en place d\u2019une s\u00e9rie de projets et d\u2019actions permettant d\u2019insuffler une nouvelle dynamique au d\u00e9veloppement des huit pr\u00e9fectures et provinces que compte la r\u00e9gion du Nord.<br \/>\nDans ce sens, les participants ont convenu de l\u2019importance de ce processus d\u2019\u00e9laboration du PDR selon une approche participative, permettant \u00e0 tous les intervenants, notamment les membres des conseils \u00e9lus, les services ext\u00e9rieurs, les \u00e9tablissements publics, les Chambres professionnelles, le secteur priv\u00e9, les organes consultatifs et les repr\u00e9sentants de la soci\u00e9t\u00e9 civile, d\u2019y prendre part. Ils ont par la m\u00eame occasion rappel\u00e9 les priorit\u00e9s de la pr\u00e9fecture et ses besoins ainsi que les aspirations de la population dans les diff\u00e9rents domaines \u00e9conomique, social, culturel et de d\u00e9veloppement durable. Ils ont donc fait part de l\u2019int\u00e9r\u00eat de tous les intervenants d\u2019opter pour des projets r\u00e9alistes et faisables, tout en prenant en compte des capacit\u00e9s financi\u00e8res pr\u00e9visibles au titre de cette p\u00e9riode.<br \/>\nNotons que cette premi\u00e8re \u00e9tape de concertations a \u00e9t\u00e9 marqu\u00e9e par l\u2019annonce par M. Moro de la mise en place dans le cadre de l\u2019\u00e9laboration du PDR 2022-2027 d\u2019une plateforme \u00e9lectronique https:\/\/bit.ly\/3np89PZ. Et ce selon \u00abune approche participative visant \u00e0 accueillir les avis et les propositions de la population de la r\u00e9gion sans exception, ainsi que les intervenants parmi les \u00e9lus, les services ext\u00e9rieurs, les \u00e9tablissements publics, les chambres professionnelles, le secteur priv\u00e9, les organes consultatifs et les acteurs de la soci\u00e9t\u00e9 civile\u00bb, selon le CR-TTA.<\/p>\n<\/div>\n<p>Auteur: Najat Fa\u00efssal<br \/>\n<a href=\"https:\/\/aujourdhui.ma\/economie\/programme-de-developpement-regional-les-concertations-lancees-a-fnideq\">Cliquez ici pour lire l&rsquo;article depuis sa source.<\/a><\/p>\n","protected":false},"excerpt":{"rendered":"<p>Mise en place d\u2019une plateforme \u00e9lectronique pour accueillir les propositions et les avis concernant ce projet Les participants ont rappel\u00e9 les priorit\u00e9s de la pr\u00e9fecture et ses besoins ainsi que les aspirations de la population dans les diff\u00e9rents domaines \u00e9conomique, social, culturel et de d\u00e9veloppement durable. Pr\u00e9sid\u00e9e par Omar Moro, pr\u00e9sident de la r\u00e9gion (CR-TTA) [&hellip;]<\/p>\n","protected":false},"author":1759,"featured_media":0,"comment_status":"closed","ping_status":"closed","sticky":false,"template":"","format":"standard","meta":{"fifu_image_url":"https:\/\/aujourdhui.ma\/wp-content\/uploads\/2022\/01\/Omar-Moro-Programme-de-de\u0301veloppement-re\u0301gional-Fnideq-300x153.jpg","fifu_image_alt":"Programme de d\u00e9veloppement r\u00e9gional :  Les concertations lanc\u00e9es \u00e0 Fnideq","footnotes":""},"categories":[73,54],"tags":[],"class_list":["post-138685","post","type-post","status-publish","format-standard","hentry","category-actualite","category-maroc"],"_links":{"self":[{"href":"https:\/\/linitiative.ca\/International\/wp-json\/wp\/v2\/posts\/138685","targetHints":{"allow":["GET"]}}],"collection":[{"href":"https:\/\/linitiative.ca\/International\/wp-json\/wp\/v2\/posts"}],"about":[{"href":"https:\/\/linitiative.ca\/International\/wp-json\/wp\/v2\/types\/post"}],"author":[{"embeddable":true,"href":"https:\/\/linitiative.ca\/International\/wp-json\/wp\/v2\/users\/1759"}],"replies":[{"embeddable":true,"href":"https:\/\/linitiative.ca\/International\/wp-json\/wp\/v2\/comments?post=138685"}],"version-history":[{"count":0,"href":"https:\/\/linitiative.ca\/International\/wp-json\/wp\/v2\/posts\/138685\/revisions"}],"wp:attachment":[{"href":"https:\/\/linitiative.ca\/International\/wp-json\/wp\/v2\/media?parent=138685"}],"wp:term":[{"taxonomy":"category","embeddable":true,"href":"https:\/\/linitiative.ca\/International\/wp-json\/wp\/v2\/categories?post=138685"},{"taxonomy":"post_tag","embeddable":true,"href":"https:\/\/linitiative.ca\/International\/wp-json\/wp\/v2\/tags?post=138685"}],"curies":[{"name":"wp","href":"https:\/\/api.w.org\/{rel}","templated":true}]}}