{"id":138700,"date":"2022-01-17T04:55:01","date_gmt":"2022-01-17T09:55:01","guid":{"rendered":"https:\/\/linitiative.ca\/International\/faible-engouement-des-emetteurs-en-2021\/"},"modified":"2022-01-17T04:55:01","modified_gmt":"2022-01-17T09:55:01","slug":"faible-engouement-des-emetteurs-en-2021","status":"publish","type":"post","link":"https:\/\/linitiative.ca\/International\/faible-engouement-des-emetteurs-en-2021\/","title":{"rendered":"Faible engouement des \u00e9metteurs en 2021"},"content":{"rendered":"<div>\n<p class=\"has-text-align-center has-vivid-red-color has-text-color\"><strong>Programme de rachat<\/strong><\/p>\n<p class=\"has-text-align-right has-black-color has-text-color\"><strong>Kaoutar khennach<\/strong><\/p>\n<p class=\"has-black-color has-text-color\"><strong>L\u2019Autorit\u00e9 Marocaine des March\u00e9s des Capitaux\u00a0(AMMC) a publi\u00e9 un communiqu\u00e9 sur les transactions effectu\u00e9es, au cours du mois de d\u00e9cembre 2021, par les soci\u00e9t\u00e9s ayant mis en place un programme de rachat de leurs propres actions. Il en ressort que la place casablancaise ne compte actuellement que\u00a04 programmes de rachat ce qui a de nouveau d\u00e9montr\u00e9 le peu d\u2019app\u00e9tit des \u00e9metteurs vers ce mode d\u2019animation en Bourse ou de r\u00e9mun\u00e9ration des actionnaires.\u00a0<\/strong><\/p>\n<p class=\"has-black-color has-text-color\">Les quatre programmes de rachat recens\u00e9s \u00e0 fin d\u00e9cembre\u00a0 sur la place casablancaise ont \u00e9t\u00e9 lanc\u00e9s par\u00a0Maroc T\u00e9l\u00e9com, la Banque centrale populaire (BCP), Stokvis Nord Afrique et Addoha.\u00a0Ainsi, l\u2019auto-contr\u00f4le d\u2019Addoha et d\u2019IAM est rest\u00e9 stable \u00e0 respectivement 0,68% et 0,01%. De m\u00eame, celui de la BCP a diminu\u00e9 \u00e0 0,022% (-0,008 pts) tandis que celui de Stokvis a augment\u00e9 \u00e0 4,22% (+0,01%).<\/p>\n<p class=\"has-black-color has-text-color\">Le programme de rachat est une op\u00e9ration permettant aux soci\u00e9t\u00e9s cot\u00e9es de r\u00e9duire et corriger les variations excessives du cours de leurs actions. Cela se fait par le rachat par une entreprise cot\u00e9e de ses propres actions, dans le but de r\u00e9duire son capital par annulation ou de r\u00e9gulariser le march\u00e9, sans que cela n\u2019entrave le bon fonctionnement de ce dernier. Ce programme permet d\u2019augmenter la liquidit\u00e9 du titre, d\u2019animer le cours de l\u2019action sur le march\u00e9 et de diminuer la volatilit\u00e9 de ce dernier.<\/p>\n<p class=\"has-black-color has-text-color\">Pourtant, les soci\u00e9t\u00e9s cot\u00e9es \u00e0 la\u00a0 bourse de Casablanca boudent toujours les programmes de rachat. Pourtant, les \u00e9metteurs aspiraient au d\u00e9part \u00e0 r\u00e9gulariser leurs cours en bourse.\u00a0 En principe, le programme de rachat consiste \u00e0 intervenir sur le march\u00e9 par l\u2019\u00e9mission d\u2019ordres d\u2019achat et\/ou de vente dans le but de r\u00e9duire la volatilit\u00e9 et les variations excessives du cours de l\u2019action. L\u2019objectif de r\u00e9gularisation du cours peut \u00e9galement \u00eatre recherch\u00e9 \u00e0 travers une action pr\u00e9ventive visant \u00e0 renforcer la liquidit\u00e9 du titre. Toutefois, les interventions de l\u2019\u00e9metteur doivent rester limit\u00e9es \u00e0 un maximum de 25% du volume quotidien moyen enregistr\u00e9 sur le march\u00e9 central. \u00a0Ce qui d\u00e9courage certains \u00e9metteurs qui s\u2019appuyaient sur ces programmes pour soutenir leurs cours et\/ou le ramasser pour effectuer des op\u00e9rations strat\u00e9giques.<\/p>\n<p class=\"has-black-color has-text-color\">Par ailleurs, pour certaines soci\u00e9t\u00e9s cot\u00e9es, le non recours au programme de rachat est li\u00e9 \u00e0 l\u2019optimisation de la tr\u00e9sorerie. Cet instrument reste consommateur de tr\u00e9sorerie m\u00eame si son objectif est d\u2019assurer la liquidit\u00e9 du titre.<\/p>\n<p>L\u2019article <a rel=\"nofollow\" href=\"http:\/\/albayane.press.ma\/faible-engouement-des-emetteurs-en-2021.html\">Faible engouement des \u00e9metteurs en 2021<\/a> est apparu en premier sur <a rel=\"nofollow\" href=\"http:\/\/albayane.press.ma\/\">ALBAYANE<\/a>.<\/p>\n<\/div>\n<p>Auteur: M&rsquo;hammed rahal<br \/>\n<a href=\"http:\/\/albayane.press.ma\/faible-engouement-des-emetteurs-en-2021.html\">Cliquez ici pour lire l&rsquo;article depuis sa source.<\/a><\/p>\n","protected":false},"excerpt":{"rendered":"<p>Programme de rachat Kaoutar khennach L\u2019Autorit\u00e9 Marocaine des March\u00e9s des Capitaux\u00a0(AMMC) a publi\u00e9 un communiqu\u00e9 sur les transactions effectu\u00e9es, au cours du mois de d\u00e9cembre 2021, par les soci\u00e9t\u00e9s ayant mis en place un programme de rachat de leurs propres actions. Il en ressort que la place casablancaise ne compte actuellement que\u00a04 programmes de rachat [&hellip;]<\/p>\n","protected":false},"author":1760,"featured_media":0,"comment_status":"closed","ping_status":"closed","sticky":false,"template":"","format":"standard","meta":{"fifu_image_url":"","fifu_image_alt":"","footnotes":""},"categories":[73,54],"tags":[],"class_list":["post-138700","post","type-post","status-publish","format-standard","hentry","category-actualite","category-maroc"],"_links":{"self":[{"href":"https:\/\/linitiative.ca\/International\/wp-json\/wp\/v2\/posts\/138700","targetHints":{"allow":["GET"]}}],"collection":[{"href":"https:\/\/linitiative.ca\/International\/wp-json\/wp\/v2\/posts"}],"about":[{"href":"https:\/\/linitiative.ca\/International\/wp-json\/wp\/v2\/types\/post"}],"author":[{"embeddable":true,"href":"https:\/\/linitiative.ca\/International\/wp-json\/wp\/v2\/users\/1760"}],"replies":[{"embeddable":true,"href":"https:\/\/linitiative.ca\/International\/wp-json\/wp\/v2\/comments?post=138700"}],"version-history":[{"count":0,"href":"https:\/\/linitiative.ca\/International\/wp-json\/wp\/v2\/posts\/138700\/revisions"}],"wp:attachment":[{"href":"https:\/\/linitiative.ca\/International\/wp-json\/wp\/v2\/media?parent=138700"}],"wp:term":[{"taxonomy":"category","embeddable":true,"href":"https:\/\/linitiative.ca\/International\/wp-json\/wp\/v2\/categories?post=138700"},{"taxonomy":"post_tag","embeddable":true,"href":"https:\/\/linitiative.ca\/International\/wp-json\/wp\/v2\/tags?post=138700"}],"curies":[{"name":"wp","href":"https:\/\/api.w.org\/{rel}","templated":true}]}}