{"id":138701,"date":"2022-01-17T05:14:05","date_gmt":"2022-01-17T10:14:05","guid":{"rendered":"https:\/\/linitiative.ca\/International\/les-socialistes-au-pouvoir-favoris\/"},"modified":"2022-01-17T05:14:05","modified_gmt":"2022-01-17T10:14:05","slug":"les-socialistes-au-pouvoir-favoris","status":"publish","type":"post","link":"https:\/\/linitiative.ca\/International\/les-socialistes-au-pouvoir-favoris\/","title":{"rendered":"Les socialistes au pouvoir favoris"},"content":{"rendered":"<div>\n<p class=\"has-text-align-center has-vivid-cyan-blue-color has-text-color\"><strong>Le Portugal en campagne<\/strong><\/p>\n<p class=\"has-black-color has-text-color\"><strong>Le socialiste Antonio Costa est le grand favori des l\u00e9gislatives anticip\u00e9es du 30 janvier au Portugal mais, alors que la campagne \u00e9lectorale s\u2019est officiellement ouverte dimanche, sa difficult\u00e9 \u00e0 former une majorit\u00e9 stable risque de persister.<\/strong><\/p>\n<p>Press\u00e9 d\u2019annoncer ce qu\u2019il ferait en cas de victoire sans majorit\u00e9 absolue, sc\u00e9nario pr\u00e9vu par l\u2019ensemble des sondages, M. Costa, juriste de 60 ans, a dit vouloir gouverner seul, en n\u00e9gociant chaque loi au cas par cas, ou avec le soutien d\u2019un petit parti animaliste.<br \/>\u00ab\u00a0La solution que nous avions trouv\u00e9e jusqu\u2019ici n\u2019est manifestement plus possible dans les circonstances actuelles\u00a0\u00bb, a-t-il fait valoir jeudi lors du d\u00e9bat t\u00e9l\u00e9vis\u00e9 l\u2019opposant \u00e0 son rival de centre droit, l\u2019ancien maire de Porto Rui Rio, un \u00e9conomiste de 64 ans.<\/p>\n<p>Le chef du gouvernement se r\u00e9f\u00e9rait \u00e0 la fragile union de la gauche qui lui a permis d\u2019arriver au pouvoir en 2015, et qui avait commenc\u00e9 \u00e0 s\u2019effriter dans la foul\u00e9e des l\u00e9gislatives d\u2019octobre 2019.<br \/>La fin de cette alliance, sans pr\u00e9c\u00e9dent depuis la R\u00e9volution des OEillets de 1974, a \u00e9t\u00e9 scell\u00e9e par le rejet du projet de budget pour 2022 par les formations de la gauche radicale, le Bloc de gauche et la coalition communistes-verts.<br \/>\u00ab\u00a0Nous devons r\u00e9soudre rapidement cette crise politique absurde\u00a0\u00bb, a clam\u00e9 le Premier ministre sortant, qui esp\u00e8re \u00e9lire huit d\u00e9put\u00e9s de plus qu\u2019en 2019 pour d\u00e9crocher la majorit\u00e9 absolue et ne plus d\u00e9pendre de tiers.<br \/>Apr\u00e8s quatre ann\u00e9es de croissance \u00e9conomique et deux de crise sanitaire dont la gestion n\u2019est pas contest\u00e9e, l\u2019ensemble des enqu\u00eates pr\u00e9disent une nette victoire des socialistes, mais pas suffisante pour modifier sensiblement le rapport de forces au Parlement.<\/p>\n<p>\u00ab\u00a0La difficult\u00e9 \u00e0 former des gouvernements stables sera le caract\u00e8re dominant de l\u2019avenir politique du Portugal\u00a0\u00bb, affirme \u00e0 l\u2019AFP le politologue Antonio Costa Pinto, chercheur \u00e0 l\u2019Institut des sciences sociales de l\u2019Universit\u00e9 de Lisbonne.<br \/>Le scrutin du 30 janvier devrait par ailleurs marquer \u00ab\u00a0la consolidation de deux nouveaux partis qui viendront d\u00e9fier le principal parti de centre droit\u00a0\u00bb, ajoute l\u2019analyste.<br \/>Entr\u00e9s au Parlement en 2019 avec un seul d\u00e9put\u00e9, l\u2019extr\u00eame droite et les lib\u00e9raux apparaissent dans les sondages au coude \u00e0 coude avec les deux formations de la gauche radicale, avec 4 \u00e0 6% des intentions de vote.<br \/>Le Parti socialiste \u00e9tant cr\u00e9dit\u00e9 de pr\u00e8s de 38% des voix, tandis que le centre droit pourrait en recueillir environ 30%, les deux grands partis mod\u00e9r\u00e9s portugais restent \u00ab\u00a0en bonne sant\u00e9\u00a0\u00bb, contrairement \u00e0 nombre de leurs cong\u00e9n\u00e8res europ\u00e9ens, note le politologue.<\/p>\n<p>La campagne \u00e9lectorale qui a d\u00e9but\u00e9 dimanche est la troisi\u00e8me au Portugal sous pand\u00e9mie. Peu avant l\u2019apparition du variant Omicron, les municipales de fin septembre, que les socialistes ont remport\u00e9 malgr\u00e9 une d\u00e9faite surprise \u00e0 Lisbonne, ont pu se d\u00e9rouler sans pr\u00e9cautions majeures.<br \/>Mais, en janvier dernier, le pr\u00e9sident conservateur Marcelo Rebelo de Sousa a \u00e9t\u00e9 r\u00e9\u00e9lu \u00e0 l\u2019issue d\u2019un scrutin organis\u00e9 au moment o\u00f9 le Portugal \u00e9tait le plus durement touch\u00e9 par l\u2019\u00e9pid\u00e9mie de Covid-19.<br \/>Malgr\u00e9 le confinement g\u00e9n\u00e9ral en vigueur \u00e0 l\u2019\u00e9poque, la participation n\u2019avait pas chut\u00e9 autant que le craignaient candidats et observateurs.<\/p>\n<p>Aujourd\u2019hui, \u00ab\u00a0nous avons beaucoup de nouveaux cas mais, en termes de mortalit\u00e9 et de maladie grave, le contexte est beaucoup plus favorable\u00a0\u00bb, explique \u00e0 l\u2019AFP le pr\u00e9sident de l\u2019Association nationale des m\u00e9decins de sant\u00e9 publique, Gustavo Tato Borges.<br \/>Si le Portugal occupe actuellement le 5e rang de l\u2019Union europ\u00e9enne par rapport au nombre de nouveaux cas d\u00e9tect\u00e9s depuis deux semaines, il n\u2019est que 20e en nombre de d\u00e9c\u00e8s gr\u00e2ce \u00e0 un des taux de vaccination les plus \u00e9lev\u00e9s au monde.<br \/>Afin de r\u00e9duire le nombre d\u2019\u00e9lecteurs priv\u00e9s d\u2019isoloir s\u2019ils \u00e9taient en quarantaine le 30 janvier, une journ\u00e9e de vote par anticipation aura lieu dimanche prochain.<\/p>\n<p>L\u2019article <a rel=\"nofollow\" href=\"http:\/\/albayane.press.ma\/les-socialistes-au-pouvoir-favoris.html\">Les socialistes au pouvoir favoris<\/a> est apparu en premier sur <a rel=\"nofollow\" href=\"http:\/\/albayane.press.ma\/\">ALBAYANE<\/a>.<\/p>\n<\/div>\n<p>Auteur: M&rsquo;hammed rahal<br \/>\n<a href=\"http:\/\/albayane.press.ma\/les-socialistes-au-pouvoir-favoris.html\">Cliquez ici pour lire l&rsquo;article depuis sa source.<\/a><\/p>\n","protected":false},"excerpt":{"rendered":"<p>Le Portugal en campagne Le socialiste Antonio Costa est le grand favori des l\u00e9gislatives anticip\u00e9es du 30 janvier au Portugal mais, alors que la campagne \u00e9lectorale s\u2019est officiellement ouverte dimanche, sa difficult\u00e9 \u00e0 former une majorit\u00e9 stable risque de persister. Press\u00e9 d\u2019annoncer ce qu\u2019il ferait en cas de victoire sans majorit\u00e9 absolue, sc\u00e9nario pr\u00e9vu par [&hellip;]<\/p>\n","protected":false},"author":1760,"featured_media":0,"comment_status":"closed","ping_status":"closed","sticky":false,"template":"","format":"standard","meta":{"fifu_image_url":"","fifu_image_alt":"","footnotes":""},"categories":[73,54],"tags":[],"class_list":["post-138701","post","type-post","status-publish","format-standard","hentry","category-actualite","category-maroc"],"_links":{"self":[{"href":"https:\/\/linitiative.ca\/International\/wp-json\/wp\/v2\/posts\/138701","targetHints":{"allow":["GET"]}}],"collection":[{"href":"https:\/\/linitiative.ca\/International\/wp-json\/wp\/v2\/posts"}],"about":[{"href":"https:\/\/linitiative.ca\/International\/wp-json\/wp\/v2\/types\/post"}],"author":[{"embeddable":true,"href":"https:\/\/linitiative.ca\/International\/wp-json\/wp\/v2\/users\/1760"}],"replies":[{"embeddable":true,"href":"https:\/\/linitiative.ca\/International\/wp-json\/wp\/v2\/comments?post=138701"}],"version-history":[{"count":0,"href":"https:\/\/linitiative.ca\/International\/wp-json\/wp\/v2\/posts\/138701\/revisions"}],"wp:attachment":[{"href":"https:\/\/linitiative.ca\/International\/wp-json\/wp\/v2\/media?parent=138701"}],"wp:term":[{"taxonomy":"category","embeddable":true,"href":"https:\/\/linitiative.ca\/International\/wp-json\/wp\/v2\/categories?post=138701"},{"taxonomy":"post_tag","embeddable":true,"href":"https:\/\/linitiative.ca\/International\/wp-json\/wp\/v2\/tags?post=138701"}],"curies":[{"name":"wp","href":"https:\/\/api.w.org\/{rel}","templated":true}]}}