{"id":138702,"date":"2022-01-17T05:52:20","date_gmt":"2022-01-17T10:52:20","guid":{"rendered":"https:\/\/linitiative.ca\/International\/sale-un-nouveau-complexe-medical-renforce-loffre-de-soins\/"},"modified":"2022-01-17T05:52:20","modified_gmt":"2022-01-17T10:52:20","slug":"sale-un-nouveau-complexe-medical-renforce-loffre-de-soins","status":"publish","type":"post","link":"https:\/\/linitiative.ca\/International\/sale-un-nouveau-complexe-medical-renforce-loffre-de-soins\/","title":{"rendered":"Sal\u00e9 : un nouveau complexe m\u00e9dical renforce l\u2019offre de soins"},"content":{"rendered":"<div>\n<p class=\"has-black-color has-text-color\"><strong>L\u2019offre de soins dans la pr\u00e9fecture de Sal\u00e9 vient d\u2019\u00eatre renforc\u00e9e par l\u2019ouverture, samedi, d\u2019un complexe m\u00e9dical multidisciplinaire destin\u00e9 \u00e0 rapprocher les prestations de sant\u00e9 de la population.<\/strong><\/p>\n<p class=\"has-black-color has-text-color\">Ce centre, r\u00e9alis\u00e9 \u00e0 l\u2019initiative de l\u2019association du complexe m\u00e9dical de la ville de Sal\u00e9, regroupe diverses sp\u00e9cialit\u00e9s m\u00e9dicales, param\u00e9dicales et chirurgicales, ainsi qu\u2019un laboratoire d\u2019analyses m\u00e9dicales et un cabinet de m\u00e9decine dentaire.<\/p>\n<p class=\"has-black-color has-text-color\">Le complexe compte un total de 16 sp\u00e9cialit\u00e9s dont la gyn\u00e9cologie-obst\u00e9trique, la psychiatrie, l\u2019endocrinologie, l\u2019ophtalmologie, l\u2019orthop\u00e9die, la p\u00e9diatrie, la m\u00e9decine thoracique, la cardiologie ou encore la neurologie.<\/p>\n<p class=\"has-black-color has-text-color\">La pr\u00e9sidente de l\u2019association du complexe, l\u2019endocrinologue-diab\u00e9tologue Islam Masso, a soulign\u00e9 que cette nouvelle jouera un r\u00f4le ind\u00e9niable en termes de rapprochement de l\u2019offre de soins aux usagers dans les meilleures conditions.<\/p>\n<p class=\"has-black-color has-text-color\">En effet, le complexe m\u00e9dical vise \u00e0 offrir aux habitants de Sal\u00e9 en g\u00e9n\u00e9ral, et du quartier de Bettana en particulier, une offre en soins de sant\u00e9 compl\u00e8te, moderne et performante, a-t-elle pr\u00e9cis\u00e9.<\/p>\n<p class=\"has-black-color has-text-color\">S\u2019agissant de actions d\u00e9ploy\u00e9es par l\u2019association, Mme Masso a expliqu\u00e9 que celle-ci se fixe des objectifs de port\u00e9e \u00e9minemment sociale et demeure ouverte au initiatives de la soci\u00e9t\u00e9 civile relatives \u00e0 l\u2019organisation de campagnes m\u00e9dicales, notamment pour la sensibilisation et le d\u00e9pistage pr\u00e9coce des maladies.<\/p>\n<p>L\u2019article <a rel=\"nofollow\" href=\"http:\/\/albayane.press.ma\/sale-un-nouveau-complexe-medical-renforce-loffre-de-soins.html\">Sal\u00e9 : un nouveau complexe m\u00e9dical renforce l\u2019offre de soins<\/a> est apparu en premier sur <a rel=\"nofollow\" href=\"http:\/\/albayane.press.ma\/\">ALBAYANE<\/a>.<\/p>\n<\/div>\n<p>Auteur: M&rsquo;hammed rahal<br \/>\n<a href=\"http:\/\/albayane.press.ma\/sale-un-nouveau-complexe-medical-renforce-loffre-de-soins.html\">Cliquez ici pour lire l&rsquo;article depuis sa source.<\/a><\/p>\n","protected":false},"excerpt":{"rendered":"<p>L\u2019offre de soins dans la pr\u00e9fecture de Sal\u00e9 vient d\u2019\u00eatre renforc\u00e9e par l\u2019ouverture, samedi, d\u2019un complexe m\u00e9dical multidisciplinaire destin\u00e9 \u00e0 rapprocher les prestations de sant\u00e9 de la population. Ce centre, r\u00e9alis\u00e9 \u00e0 l\u2019initiative de l\u2019association du complexe m\u00e9dical de la ville de Sal\u00e9, regroupe diverses sp\u00e9cialit\u00e9s m\u00e9dicales, param\u00e9dicales et chirurgicales, ainsi qu\u2019un laboratoire d\u2019analyses m\u00e9dicales [&hellip;]<\/p>\n","protected":false},"author":1760,"featured_media":0,"comment_status":"closed","ping_status":"closed","sticky":false,"template":"","format":"standard","meta":{"fifu_image_url":"","fifu_image_alt":"","footnotes":""},"categories":[73,54],"tags":[],"class_list":["post-138702","post","type-post","status-publish","format-standard","hentry","category-actualite","category-maroc"],"_links":{"self":[{"href":"https:\/\/linitiative.ca\/International\/wp-json\/wp\/v2\/posts\/138702","targetHints":{"allow":["GET"]}}],"collection":[{"href":"https:\/\/linitiative.ca\/International\/wp-json\/wp\/v2\/posts"}],"about":[{"href":"https:\/\/linitiative.ca\/International\/wp-json\/wp\/v2\/types\/post"}],"author":[{"embeddable":true,"href":"https:\/\/linitiative.ca\/International\/wp-json\/wp\/v2\/users\/1760"}],"replies":[{"embeddable":true,"href":"https:\/\/linitiative.ca\/International\/wp-json\/wp\/v2\/comments?post=138702"}],"version-history":[{"count":0,"href":"https:\/\/linitiative.ca\/International\/wp-json\/wp\/v2\/posts\/138702\/revisions"}],"wp:attachment":[{"href":"https:\/\/linitiative.ca\/International\/wp-json\/wp\/v2\/media?parent=138702"}],"wp:term":[{"taxonomy":"category","embeddable":true,"href":"https:\/\/linitiative.ca\/International\/wp-json\/wp\/v2\/categories?post=138702"},{"taxonomy":"post_tag","embeddable":true,"href":"https:\/\/linitiative.ca\/International\/wp-json\/wp\/v2\/tags?post=138702"}],"curies":[{"name":"wp","href":"https:\/\/api.w.org\/{rel}","templated":true}]}}