{"id":138703,"date":"2022-01-17T06:02:48","date_gmt":"2022-01-17T11:02:48","guid":{"rendered":"https:\/\/linitiative.ca\/International\/bourita-sentretient-avec-staffan-de-mistura\/"},"modified":"2022-01-17T06:02:48","modified_gmt":"2022-01-17T11:02:48","slug":"bourita-sentretient-avec-staffan-de-mistura","status":"publish","type":"post","link":"https:\/\/linitiative.ca\/International\/bourita-sentretient-avec-staffan-de-mistura\/","title":{"rendered":"Bourita s\u2019entretient avec Staffan de Mistura"},"content":{"rendered":"<div>\n<p class=\"has-text-align-center has-vivid-red-color has-text-color\"><strong>Envoy\u00e9 personnel du SG de l\u2019ONU pour le Sahara marocain<\/strong><\/p>\n<p class=\"has-black-color has-text-color\"><strong>Le ministre des Affaires Etrang\u00e8res, de la Coop\u00e9ration Africaine et des Marocains R\u00e9sidant \u00e0 l\u2019Etranger, M. Nasser Bourita, s\u2019est entretenu, jeudi \u00e0 Rabat, avec l\u2019Envoy\u00e9 Personnel du Secr\u00e9taire G\u00e9n\u00e9ral de l\u2019ONU pour le Sahara marocain, M. Staffan de Mistura.<\/strong><\/p>\n<p class=\"has-black-color has-text-color\">Cette s\u00e9ance de travail s\u2019est d\u00e9roul\u00e9e en pr\u00e9sence de l\u2019Ambassadeur, Repr\u00e9sentant Permanent du Royaume du Maroc aupr\u00e8s de l\u2019ONU, M. Omar Hilale, indique un communiqu\u00e9 du minist\u00e8re des Affaires \u00c9trang\u00e8res, de la Coop\u00e9ration Africaine, et des Marocains R\u00e9sidant \u00e0 l\u2019Etranger.<\/p>\n<p class=\"has-black-color has-text-color\">La visite r\u00e9gionale de M. de Mistura s\u2019inscrit dans le cadre de la mise en \u0153uvre de la r\u00e9solution 2602 du Conseil de S\u00e9curit\u00e9, adopt\u00e9e le 29 octobre 2021, dans laquelle l\u2019Instance ex\u00e9cutive de l\u2019ONU r\u00e9it\u00e8re son appel aux parties \u00e0 poursuivre leur engagement dans le processus des tables rondes, dans un esprit de r\u00e9alisme et de compromis, pour parvenir \u00e0 une solution politique r\u00e9aliste, pragmatique, durable et bas\u00e9e sur le compromis, ajoute la m\u00eame source.<br \/>Lors de ces entretiens, la d\u00e9l\u00e9gation marocaine a r\u00e9it\u00e9r\u00e9 les fondamentaux de la position du Royaume, telle que rappel\u00e9e dans les discours de Sa Majest\u00e9 le Roi Mohammed VI \u00e0 l\u2019occasion des 45\u00e8me et 46\u00e8me anniversaires de la Marche Verte.<\/p>\n<p class=\"has-black-color has-text-color\">En effet, le Souverain avait r\u00e9affirm\u00e9, dans lesdits discours, l\u2019attachement du Maroc \u00e0 la reprise du processus politique conduit sous l\u2019\u00e9gide exclusive de l\u2019ONU pour parvenir \u00e0 une solution politique sur la base de l\u2019Initiative marocaine d\u2019Autonomie, dans le cadre du processus des tables rondes, en pr\u00e9sence des quatre participants, conclut le communiqu\u00e9.<\/p>\n<p>L\u2019article <a rel=\"nofollow\" href=\"http:\/\/albayane.press.ma\/bourita-sentretient-avec-staffan-de-mistura.html\">Bourita s\u2019entretient avec Staffan de Mistura<\/a> est apparu en premier sur <a rel=\"nofollow\" href=\"http:\/\/albayane.press.ma\/\">ALBAYANE<\/a>.<\/p>\n<\/div>\n<p>Auteur: M&rsquo;hammed rahal<br \/>\n<a href=\"http:\/\/albayane.press.ma\/bourita-sentretient-avec-staffan-de-mistura.html\">Cliquez ici pour lire l&rsquo;article depuis sa source.<\/a><\/p>\n","protected":false},"excerpt":{"rendered":"<p>Envoy\u00e9 personnel du SG de l\u2019ONU pour le Sahara marocain Le ministre des Affaires Etrang\u00e8res, de la Coop\u00e9ration Africaine et des Marocains R\u00e9sidant \u00e0 l\u2019Etranger, M. Nasser Bourita, s\u2019est entretenu, jeudi \u00e0 Rabat, avec l\u2019Envoy\u00e9 Personnel du Secr\u00e9taire G\u00e9n\u00e9ral de l\u2019ONU pour le Sahara marocain, M. Staffan de Mistura. Cette s\u00e9ance de travail s\u2019est d\u00e9roul\u00e9e [&hellip;]<\/p>\n","protected":false},"author":1760,"featured_media":0,"comment_status":"closed","ping_status":"closed","sticky":false,"template":"","format":"standard","meta":{"fifu_image_url":"","fifu_image_alt":"","footnotes":""},"categories":[73,54],"tags":[],"class_list":["post-138703","post","type-post","status-publish","format-standard","hentry","category-actualite","category-maroc"],"_links":{"self":[{"href":"https:\/\/linitiative.ca\/International\/wp-json\/wp\/v2\/posts\/138703","targetHints":{"allow":["GET"]}}],"collection":[{"href":"https:\/\/linitiative.ca\/International\/wp-json\/wp\/v2\/posts"}],"about":[{"href":"https:\/\/linitiative.ca\/International\/wp-json\/wp\/v2\/types\/post"}],"author":[{"embeddable":true,"href":"https:\/\/linitiative.ca\/International\/wp-json\/wp\/v2\/users\/1760"}],"replies":[{"embeddable":true,"href":"https:\/\/linitiative.ca\/International\/wp-json\/wp\/v2\/comments?post=138703"}],"version-history":[{"count":0,"href":"https:\/\/linitiative.ca\/International\/wp-json\/wp\/v2\/posts\/138703\/revisions"}],"wp:attachment":[{"href":"https:\/\/linitiative.ca\/International\/wp-json\/wp\/v2\/media?parent=138703"}],"wp:term":[{"taxonomy":"category","embeddable":true,"href":"https:\/\/linitiative.ca\/International\/wp-json\/wp\/v2\/categories?post=138703"},{"taxonomy":"post_tag","embeddable":true,"href":"https:\/\/linitiative.ca\/International\/wp-json\/wp\/v2\/tags?post=138703"}],"curies":[{"name":"wp","href":"https:\/\/api.w.org\/{rel}","templated":true}]}}