{"id":138704,"date":"2022-01-17T07:00:00","date_gmt":"2022-01-17T12:00:00","guid":{"rendered":"https:\/\/linitiative.ca\/International\/mdiq-la-1ere-reunion-consultative-sur-le-programme-de-developpement-regional\/"},"modified":"2022-01-17T07:00:00","modified_gmt":"2022-01-17T12:00:00","slug":"mdiq-la-1ere-reunion-consultative-sur-le-programme-de-developpement-regional","status":"publish","type":"post","link":"https:\/\/linitiative.ca\/International\/mdiq-la-1ere-reunion-consultative-sur-le-programme-de-developpement-regional\/","title":{"rendered":"M\u2019diq : la 1\u00e8re r\u00e9union consultative sur le \u00ab\u00a0Programme de d\u00e9veloppement r\u00e9gional\u00a0\u00bb"},"content":{"rendered":"<div>\n<p class=\"has-black-color has-text-color\"><strong>La premi\u00e8re r\u00e9union consultative provinciale sur l\u2019\u00e9laboration du \u00ab\u00a0Programme de d\u00e9veloppement r\u00e9gional\u00a0\u00bb de Tanger-T\u00e9touan-Al Hoceima pour la p\u00e9riode 2022-2027 s\u2019est tenue, vendredi, au si\u00e8ge de la pr\u00e9fecture de M\u2019diq-Fnideq.<\/strong><\/p>\n<p class=\"has-black-color has-text-color\">Cette rencontre, pr\u00e9sid\u00e9e par Omar Moro, pr\u00e9sident de la r\u00e9gion Tanger-T\u00e9touan-Al Hoceima, et le gouverneur de la pr\u00e9fecture de M\u2019diq-Fnideq, Yassin Jari, s\u2019est d\u00e9roul\u00e9e en pr\u00e9sence du secr\u00e9taire g\u00e9n\u00e9ral des Affaires r\u00e9gionales \u00e0 la wilaya de la r\u00e9gion, du secr\u00e9taire g\u00e9n\u00e9ral de la pr\u00e9fecture de M\u2019diq-Fnideq, des membres du bureau du conseil r\u00e9gional, de parlementaires, d\u2019\u00e9lus, des chefs de services ext\u00e9rieurs et d\u2019acteurs de la soci\u00e9t\u00e9 civile.<\/p>\n<p class=\"has-black-color has-text-color\">Elle a \u00e9t\u00e9 marqu\u00e9e par des allocutions du gouverneur et du pr\u00e9sident de la r\u00e9gion, avec la pr\u00e9sentation d\u2019un expos\u00e9 sur le contexte d\u2019\u00e9laboration du programme, son cadre strat\u00e9gique, et ses principaux objectifs dans le domaine du d\u00e9veloppement durable inclusif, qui promeut le d\u00e9veloppement r\u00e9gional et la justice territoriale.<\/p>\n<p class=\"has-black-color has-text-color\">M. Moro a, \u00e0 cet \u00e9gard, soulign\u00e9 l\u2019importance de cette r\u00e9union consultative et de ses dimensions de diagnostic et de proposition, qui visent \u00e0 d\u00e9boucher sur un programme r\u00e9gional qui favorise la convergence, l\u2019efficacit\u00e9 et l\u2019efficience dans la mise des projets publics au niveau de la pr\u00e9fecture.<\/p>\n<p class=\"has-black-color has-text-color\">Le pr\u00e9sident de la r\u00e9gion a relev\u00e9 que le projet du Programme de d\u00e9veloppement r\u00e9gional (PDR) requiert l\u2019adh\u00e9sion et l\u2019accompagnement de tous les acteurs, notant que cette rencontre a permis d\u2019identifier les secteurs prioritaires au niveau de la pr\u00e9fecture de M\u2019diq-Fnideq, notamment la cristallisation des projets d\u2019investissement et la cr\u00e9ation d\u2019opportunit\u00e9s d\u2019emploi.<\/p>\n<p class=\"has-black-color has-text-color\">Cette r\u00e9union, a-t-il pr\u00e9cis\u00e9, a \u00e9t\u00e9 \u00e9galement une occasion pour examiner les probl\u00e9matiques du secteur touristique, et souligner l\u2019importance de l\u2019exploitation des potentialit\u00e9s de la r\u00e9gion, afin de lisser la saisonnalit\u00e9, en tirant profit des atouts de l\u2019\u00e9cotourisme et du tourisme r\u00e9cr\u00e9atif, en plus de d\u00e9battre de la probl\u00e9matique du raccordement routier entre les communes de la r\u00e9gion.<\/p>\n<p class=\"has-black-color has-text-color\">Cette premi\u00e8re rencontre consultative s\u2019inscrit dans le cadre d\u2019un programme qui inclut toutes les provinces de la r\u00e9gion, et intervient apr\u00e8s la r\u00e9union informative et consultative sur l\u2019\u00e9laboration du PDR, tenue le 7 janvier au si\u00e8ge de la wilaya de la r\u00e9gion, sous la pr\u00e9sidence du Wali de la r\u00e9gion et du pr\u00e9sident du conseil r\u00e9gional, en application des dispositions de la loi organique n\u00b0111-14 relative aux r\u00e9gions, et du d\u00e9cret fixant la proc\u00e9dure d\u2019\u00e9laboration du PDR, de son suivi, de son actualisation, de son \u00e9valuation, et des m\u00e9canismes de dialogue et de concertation pour son \u00e9laboration.<\/p>\n<p>L\u2019article <a rel=\"nofollow\" href=\"http:\/\/albayane.press.ma\/mdiq-la-1ere-reunion-consultative-sur-le-programme-de-developpement-regional.html\">M\u2019diq : la 1\u00e8re r\u00e9union consultative sur le \u00ab\u00a0Programme de d\u00e9veloppement r\u00e9gional\u00a0\u00bb<\/a> est apparu en premier sur <a rel=\"nofollow\" href=\"http:\/\/albayane.press.ma\/\">ALBAYANE<\/a>.<\/p>\n<\/div>\n<p>Auteur: M&rsquo;hammed rahal<br \/>\n<a href=\"http:\/\/albayane.press.ma\/mdiq-la-1ere-reunion-consultative-sur-le-programme-de-developpement-regional.html\">Cliquez ici pour lire l&rsquo;article depuis sa source.<\/a><\/p>\n","protected":false},"excerpt":{"rendered":"<p>La premi\u00e8re r\u00e9union consultative provinciale sur l\u2019\u00e9laboration du \u00ab\u00a0Programme de d\u00e9veloppement r\u00e9gional\u00a0\u00bb de Tanger-T\u00e9touan-Al Hoceima pour la p\u00e9riode 2022-2027 s\u2019est tenue, vendredi, au si\u00e8ge de la pr\u00e9fecture de M\u2019diq-Fnideq. Cette rencontre, pr\u00e9sid\u00e9e par Omar Moro, pr\u00e9sident de la r\u00e9gion Tanger-T\u00e9touan-Al Hoceima, et le gouverneur de la pr\u00e9fecture de M\u2019diq-Fnideq, Yassin Jari, s\u2019est d\u00e9roul\u00e9e en pr\u00e9sence [&hellip;]<\/p>\n","protected":false},"author":1760,"featured_media":0,"comment_status":"closed","ping_status":"closed","sticky":false,"template":"","format":"standard","meta":{"fifu_image_url":"","fifu_image_alt":"","footnotes":""},"categories":[73,54],"tags":[],"class_list":["post-138704","post","type-post","status-publish","format-standard","hentry","category-actualite","category-maroc"],"_links":{"self":[{"href":"https:\/\/linitiative.ca\/International\/wp-json\/wp\/v2\/posts\/138704","targetHints":{"allow":["GET"]}}],"collection":[{"href":"https:\/\/linitiative.ca\/International\/wp-json\/wp\/v2\/posts"}],"about":[{"href":"https:\/\/linitiative.ca\/International\/wp-json\/wp\/v2\/types\/post"}],"author":[{"embeddable":true,"href":"https:\/\/linitiative.ca\/International\/wp-json\/wp\/v2\/users\/1760"}],"replies":[{"embeddable":true,"href":"https:\/\/linitiative.ca\/International\/wp-json\/wp\/v2\/comments?post=138704"}],"version-history":[{"count":0,"href":"https:\/\/linitiative.ca\/International\/wp-json\/wp\/v2\/posts\/138704\/revisions"}],"wp:attachment":[{"href":"https:\/\/linitiative.ca\/International\/wp-json\/wp\/v2\/media?parent=138704"}],"wp:term":[{"taxonomy":"category","embeddable":true,"href":"https:\/\/linitiative.ca\/International\/wp-json\/wp\/v2\/categories?post=138704"},{"taxonomy":"post_tag","embeddable":true,"href":"https:\/\/linitiative.ca\/International\/wp-json\/wp\/v2\/tags?post=138704"}],"curies":[{"name":"wp","href":"https:\/\/api.w.org\/{rel}","templated":true}]}}