{"id":138705,"date":"2022-01-17T06:00:00","date_gmt":"2022-01-17T11:00:00","guid":{"rendered":"https:\/\/linitiative.ca\/International\/un-millier-darbres-plantes-a-hammam-dalaa\/"},"modified":"2022-01-17T06:00:00","modified_gmt":"2022-01-17T11:00:00","slug":"un-millier-darbres-plantes-a-hammam-dalaa","status":"publish","type":"post","link":"https:\/\/linitiative.ca\/International\/un-millier-darbres-plantes-a-hammam-dalaa\/","title":{"rendered":"Un millier d\u2019arbres plant\u00e9s \u00e0 Hammam Dal\u00e2a"},"content":{"rendered":"<div>Pas moins de 1000 jeunes arbres ont \u00e9t\u00e9 plant\u00e9s au niveau de la for\u00eat Ehouran, dans la commune de Hammam Dal\u00e2a, une trentaine de kilom\u00e8tres du chef-lieu de la wilaya, \u00e0 l\u2019occasion de la c\u00e9l\u00e9bration de Yennayer,<\/div>\n<p>Auteur:<br \/>\n<a href=\"https:\/\/www.liberte-algerie.com\/est\/un-millier-darbres-plantes-a-hammam-dalaa-371714\">Cliquez ici pour lire l&rsquo;article depuis sa source.<\/a><\/p>\n","protected":false},"excerpt":{"rendered":"<p>Pas moins de 1000 jeunes arbres ont \u00e9t\u00e9 plant\u00e9s au niveau de la for\u00eat Ehouran, dans la commune de Hammam Dal\u00e2a, une trentaine de kilom\u00e8tres du chef-lieu de la wilaya, \u00e0 l\u2019occasion de la c\u00e9l\u00e9bration de Yennayer, Auteur: Cliquez ici pour lire l&rsquo;article depuis sa source.<\/p>\n","protected":false},"author":1742,"featured_media":0,"comment_status":"closed","ping_status":"closed","sticky":false,"template":"","format":"standard","meta":{"fifu_image_url":"","fifu_image_alt":"","footnotes":""},"categories":[73,53],"tags":[],"class_list":["post-138705","post","type-post","status-publish","format-standard","hentry","category-actualite","category-algerie"],"_links":{"self":[{"href":"https:\/\/linitiative.ca\/International\/wp-json\/wp\/v2\/posts\/138705","targetHints":{"allow":["GET"]}}],"collection":[{"href":"https:\/\/linitiative.ca\/International\/wp-json\/wp\/v2\/posts"}],"about":[{"href":"https:\/\/linitiative.ca\/International\/wp-json\/wp\/v2\/types\/post"}],"author":[{"embeddable":true,"href":"https:\/\/linitiative.ca\/International\/wp-json\/wp\/v2\/users\/1742"}],"replies":[{"embeddable":true,"href":"https:\/\/linitiative.ca\/International\/wp-json\/wp\/v2\/comments?post=138705"}],"version-history":[{"count":0,"href":"https:\/\/linitiative.ca\/International\/wp-json\/wp\/v2\/posts\/138705\/revisions"}],"wp:attachment":[{"href":"https:\/\/linitiative.ca\/International\/wp-json\/wp\/v2\/media?parent=138705"}],"wp:term":[{"taxonomy":"category","embeddable":true,"href":"https:\/\/linitiative.ca\/International\/wp-json\/wp\/v2\/categories?post=138705"},{"taxonomy":"post_tag","embeddable":true,"href":"https:\/\/linitiative.ca\/International\/wp-json\/wp\/v2\/tags?post=138705"}],"curies":[{"name":"wp","href":"https:\/\/api.w.org\/{rel}","templated":true}]}}