{"id":138710,"date":"2022-01-17T08:02:25","date_gmt":"2022-01-17T13:02:25","guid":{"rendered":"https:\/\/linitiative.ca\/International\/previsions-meteorologiques-pour-le-mardi-18-janvier-2022\/"},"modified":"2022-01-17T08:02:25","modified_gmt":"2022-01-17T13:02:25","slug":"previsions-meteorologiques-pour-le-mardi-18-janvier-2022","status":"publish","type":"post","link":"https:\/\/linitiative.ca\/International\/previsions-meteorologiques-pour-le-mardi-18-janvier-2022\/","title":{"rendered":"Pr\u00e9visions m\u00e9t\u00e9orologiques pour le mardi 18 janvier 2022"},"content":{"rendered":"<div>\n<div style=\"margin-bottom:20px;\"><img loading=\"lazy\" decoding=\"async\" width=\"750\" height=\"430\" src=\"https:\/\/linitiative.ca\/International\/wp-content\/uploads\/sites\/23\/2022\/01\/soleil_mC3A9tC3A9o-3-1-1.jpg\" class=\"attachment-post-thumbnail size-post-thumbnail wp-post-image\" alt=\"\" srcset=\"https:\/\/linitiative.ca\/International\/wp-content\/uploads\/sites\/23\/2022\/01\/soleil_mC3A9tC3A9o-3-1-1.jpg 750w, https:\/\/www.mapmarrakech.ma\/map\/uploads\/2021\/11\/soleil_m\u00e9t\u00e9o-3-1-300x172.jpg 300w\" sizes=\"auto, (max-width: 750px) 100vw, 750px\"><\/div>\n<p>\u2013 Temps assez froid avec gel\u00e9e locale sur les reliefs, l\u2019Oriental, le Sud-Est et l\u2019int\u00e9rieur du pays.<\/p>\n<p>\u2013 Quelques ond\u00e9es \u00e9parses sur le Sud, le Haut et l\u2019Anti-Atlas et quelques gouttes de pluies locales sur le Sud-Est.<\/p>\n<p>\u2013 Quelques formations brumeuses locales sur les plaines centre.<\/p>\n<p>\u2013 Chasse-poussi\u00e8res par endroits sur le Nord des provinces du Sud.<\/p>\n<p>\u2013 Rafales de vents assez fortes sur le Tang\u00e9rois et le nord des provinces sahariennes.<\/p>\n<p>\u2013 Temp\u00e9ratures minimales de l\u2019ordre de -05\/01\u00b0C sur l\u2019Atlas, -02\/04\u00b0C sur le Rif, l\u2019Oriental et le Sud-Est, 04\/10\u00b0C sur les plaines nord et centre et les plateaux de phosphates et d\u2019Oulm\u00e8s et de 10\/15\u00b0C sur les c\u00f4tes centre, le Souss et le sud du pays.<\/p>\n<p>\u2013 Temp\u00e9ratures du jour en hausse sur le sud des provinces sahariennes et en l\u00e9g\u00e8re baisse ailleurs.<\/p>\n<p>The post <a rel=\"nofollow\" href=\"https:\/\/www.mapmarrakech.ma\/fr\/previsions-meteorologiques-pour-le-mardi-18-janvier-2022\/\">Pr\u00e9visions m\u00e9t\u00e9orologiques pour le mardi 18 janvier 2022<\/a> appeared first on <a rel=\"nofollow\" href=\"https:\/\/www.mapmarrakech.ma\/fr\">MapMarrakech<\/a>.<\/p>\n<\/div>\n<p>Auteur: Meriem IGASS<br \/>\n<a href=\"https:\/\/www.mapmarrakech.ma\/fr\/previsions-meteorologiques-pour-le-mardi-18-janvier-2022\/\">Cliquez ici pour lire l&rsquo;article depuis sa source.<\/a><\/p>\n","protected":false},"excerpt":{"rendered":"<p>\u2013 Temps assez froid avec gel\u00e9e locale sur les reliefs, l\u2019Oriental, le Sud-Est et l\u2019int\u00e9rieur du pays. \u2013 Quelques ond\u00e9es \u00e9parses sur le Sud, le Haut et l\u2019Anti-Atlas et quelques gouttes de pluies locales sur le Sud-Est. \u2013 Quelques formations brumeuses locales sur les plaines centre. \u2013 Chasse-poussi\u00e8res par endroits sur le Nord des provinces [&hellip;]<\/p>\n","protected":false},"author":1788,"featured_media":0,"comment_status":"closed","ping_status":"closed","sticky":false,"template":"","format":"standard","meta":{"fifu_image_url":"https:\/\/www.mapmarrakech.ma\/map\/uploads\/2021\/11\/soleil_m\u00e9t\u00e9o-3-1.jpg","fifu_image_alt":"Pr\u00e9visions m\u00e9t\u00e9orologiques pour le mardi 18 janvier 2022","footnotes":""},"categories":[54,76],"tags":[],"class_list":["post-138710","post","type-post","status-publish","format-standard","hentry","category-maroc","category-regions"],"_links":{"self":[{"href":"https:\/\/linitiative.ca\/International\/wp-json\/wp\/v2\/posts\/138710","targetHints":{"allow":["GET"]}}],"collection":[{"href":"https:\/\/linitiative.ca\/International\/wp-json\/wp\/v2\/posts"}],"about":[{"href":"https:\/\/linitiative.ca\/International\/wp-json\/wp\/v2\/types\/post"}],"author":[{"embeddable":true,"href":"https:\/\/linitiative.ca\/International\/wp-json\/wp\/v2\/users\/1788"}],"replies":[{"embeddable":true,"href":"https:\/\/linitiative.ca\/International\/wp-json\/wp\/v2\/comments?post=138710"}],"version-history":[{"count":0,"href":"https:\/\/linitiative.ca\/International\/wp-json\/wp\/v2\/posts\/138710\/revisions"}],"wp:attachment":[{"href":"https:\/\/linitiative.ca\/International\/wp-json\/wp\/v2\/media?parent=138710"}],"wp:term":[{"taxonomy":"category","embeddable":true,"href":"https:\/\/linitiative.ca\/International\/wp-json\/wp\/v2\/categories?post=138710"},{"taxonomy":"post_tag","embeddable":true,"href":"https:\/\/linitiative.ca\/International\/wp-json\/wp\/v2\/tags?post=138710"}],"curies":[{"name":"wp","href":"https:\/\/api.w.org\/{rel}","templated":true}]}}