{"id":138713,"date":"2022-01-17T10:06:56","date_gmt":"2022-01-17T15:06:56","guid":{"rendered":"https:\/\/linitiative.ca\/International\/covid-19-3-177-nouveaux-cas-et-18-deces-ce-lundi-17-janvier\/"},"modified":"2022-01-17T10:06:56","modified_gmt":"2022-01-17T15:06:56","slug":"covid-19-3-177-nouveaux-cas-et-18-deces-ce-lundi-17-janvier","status":"publish","type":"post","link":"https:\/\/linitiative.ca\/International\/covid-19-3-177-nouveaux-cas-et-18-deces-ce-lundi-17-janvier\/","title":{"rendered":"Covid-19: 3.177 nouveaux cas et 18 d\u00e9c\u00e8s ce lundi 17 janvier"},"content":{"rendered":"<div>\n<div class=\"field field-name-body field-type-text-with-summary field-label-hidden\">\n<div class=\"field-items\">\n<div class=\"field-item even\" property=\"content:encoded\">\n<p class=\"rtejustify\">Un total de <strong>3.177<\/strong> nouveaux cas d&rsquo;infection au nouveau coronavirus (Covid-19) et <strong>1.573<\/strong> gu\u00e9risons ont \u00e9t\u00e9 enregistr\u00e9s au Maroc dans les derni\u00e8res 24 heures, a indiqu\u00e9 lundi le minist\u00e8re de la Sant\u00e9 et de la protection sociale. Dans son bulletin quotidien sur la situation \u00e9pid\u00e9miologique, le minist\u00e8re a relev\u00e9 que le nombre de primo-vaccin\u00e9s a atteint <strong>24.617.958<\/strong>, celui des personnes ayant re\u00e7u deux doses s&rsquo;\u00e9l\u00e8ve \u00e0 <strong>23.015.417<\/strong>, alors que <strong>3.856.921<\/strong> personnes ont eu trois injections.<\/p>\n<\/div>\n<\/div>\n<\/div>\n<\/div>\n<p>Auteur: hgueye<br \/>\n<a href=\"https:\/\/www.leconomiste.com\/flash-infos\/covid-19-nouveaux-cas-et-deces-ce-lundi-18-janvier\">Cliquez ici pour lire l&rsquo;article depuis sa source.<\/a><\/p>\n","protected":false},"excerpt":{"rendered":"<p>Un total de 3.177 nouveaux cas d&rsquo;infection au nouveau coronavirus (Covid-19) et 1.573 gu\u00e9risons ont \u00e9t\u00e9 enregistr\u00e9s au Maroc dans les derni\u00e8res 24 heures, a indiqu\u00e9 lundi le minist\u00e8re de la Sant\u00e9 et de la protection sociale. Dans son bulletin quotidien sur la situation \u00e9pid\u00e9miologique, le minist\u00e8re a relev\u00e9 que le nombre de primo-vaccin\u00e9s a [&hellip;]<\/p>\n","protected":false},"author":1763,"featured_media":0,"comment_status":"closed","ping_status":"closed","sticky":false,"template":"","format":"standard","meta":{"fifu_image_url":"","fifu_image_alt":"","footnotes":""},"categories":[78,54],"tags":[],"class_list":["post-138713","post","type-post","status-publish","format-standard","hentry","category-economie","category-maroc"],"_links":{"self":[{"href":"https:\/\/linitiative.ca\/International\/wp-json\/wp\/v2\/posts\/138713","targetHints":{"allow":["GET"]}}],"collection":[{"href":"https:\/\/linitiative.ca\/International\/wp-json\/wp\/v2\/posts"}],"about":[{"href":"https:\/\/linitiative.ca\/International\/wp-json\/wp\/v2\/types\/post"}],"author":[{"embeddable":true,"href":"https:\/\/linitiative.ca\/International\/wp-json\/wp\/v2\/users\/1763"}],"replies":[{"embeddable":true,"href":"https:\/\/linitiative.ca\/International\/wp-json\/wp\/v2\/comments?post=138713"}],"version-history":[{"count":0,"href":"https:\/\/linitiative.ca\/International\/wp-json\/wp\/v2\/posts\/138713\/revisions"}],"wp:attachment":[{"href":"https:\/\/linitiative.ca\/International\/wp-json\/wp\/v2\/media?parent=138713"}],"wp:term":[{"taxonomy":"category","embeddable":true,"href":"https:\/\/linitiative.ca\/International\/wp-json\/wp\/v2\/categories?post=138713"},{"taxonomy":"post_tag","embeddable":true,"href":"https:\/\/linitiative.ca\/International\/wp-json\/wp\/v2\/tags?post=138713"}],"curies":[{"name":"wp","href":"https:\/\/api.w.org\/{rel}","templated":true}]}}