{"id":138715,"date":"2022-01-17T13:20:46","date_gmt":"2022-01-17T18:20:46","guid":{"rendered":"https:\/\/linitiative.ca\/International\/awrach-sekkouri-attendu-chez-les-conseillers\/"},"modified":"2022-01-17T13:20:46","modified_gmt":"2022-01-17T18:20:46","slug":"awrach-sekkouri-attendu-chez-les-conseillers","status":"publish","type":"post","link":"https:\/\/linitiative.ca\/International\/awrach-sekkouri-attendu-chez-les-conseillers\/","title":{"rendered":"Awrach: Sekkouri attendu chez les Conseillers"},"content":{"rendered":"<div>\n<div class=\"field field-name-body field-type-text-with-summary field-label-hidden\">\n<div class=\"field-items\">\n<div class=\"field-item even\" property=\"content:encoded\">\n<p class=\"rtejustify\">Youness Sekkouri, ministre de l&rsquo;inclusion \u00e9conomique, de la Petite Entreprise, de l&rsquo;Emploi et des Comp\u00e9tences, est attendu aujourd&rsquo;hui mardi \u00e0 15 heures \u00e0 la Chambre des Conseillers. Il devra r\u00e9pondre aux questions sur le programme Awrach. Le lendemain, mercredi, il sera devant la Commission des secteurs sociaux au sujet des perspectives du march\u00e9 de l&#8217;emploi et des mesures pr\u00e9vues pour att\u00e9nuer l&rsquo;impact de la crise Covid. Cette derni\u00e8re r\u00e9union est \u00e0 l&rsquo;initiative des groupes parlementaires de l&rsquo;USFP, du RNI et des groupements parlementaires du PJD et du PPS.<\/p>\n<\/div>\n<\/div>\n<\/div>\n<\/div>\n<p>Auteur: hgueye<br \/>\n<a href=\"https:\/\/www.leconomiste.com\/flash-infos\/awrach-sekkouri-attendu-chez-les-conseillers\">Cliquez ici pour lire l&rsquo;article depuis sa source.<\/a><\/p>\n","protected":false},"excerpt":{"rendered":"<p>Youness Sekkouri, ministre de l&rsquo;inclusion \u00e9conomique, de la Petite Entreprise, de l&rsquo;Emploi et des Comp\u00e9tences, est attendu aujourd&rsquo;hui mardi \u00e0 15 heures \u00e0 la Chambre des Conseillers. Il devra r\u00e9pondre aux questions sur le programme Awrach. Le lendemain, mercredi, il sera devant la Commission des secteurs sociaux au sujet des perspectives du march\u00e9 de l&#8217;emploi [&hellip;]<\/p>\n","protected":false},"author":1763,"featured_media":0,"comment_status":"closed","ping_status":"closed","sticky":false,"template":"","format":"standard","meta":{"fifu_image_url":"","fifu_image_alt":"","footnotes":""},"categories":[78,54],"tags":[],"class_list":["post-138715","post","type-post","status-publish","format-standard","hentry","category-economie","category-maroc"],"_links":{"self":[{"href":"https:\/\/linitiative.ca\/International\/wp-json\/wp\/v2\/posts\/138715","targetHints":{"allow":["GET"]}}],"collection":[{"href":"https:\/\/linitiative.ca\/International\/wp-json\/wp\/v2\/posts"}],"about":[{"href":"https:\/\/linitiative.ca\/International\/wp-json\/wp\/v2\/types\/post"}],"author":[{"embeddable":true,"href":"https:\/\/linitiative.ca\/International\/wp-json\/wp\/v2\/users\/1763"}],"replies":[{"embeddable":true,"href":"https:\/\/linitiative.ca\/International\/wp-json\/wp\/v2\/comments?post=138715"}],"version-history":[{"count":0,"href":"https:\/\/linitiative.ca\/International\/wp-json\/wp\/v2\/posts\/138715\/revisions"}],"wp:attachment":[{"href":"https:\/\/linitiative.ca\/International\/wp-json\/wp\/v2\/media?parent=138715"}],"wp:term":[{"taxonomy":"category","embeddable":true,"href":"https:\/\/linitiative.ca\/International\/wp-json\/wp\/v2\/categories?post=138715"},{"taxonomy":"post_tag","embeddable":true,"href":"https:\/\/linitiative.ca\/International\/wp-json\/wp\/v2\/tags?post=138715"}],"curies":[{"name":"wp","href":"https:\/\/api.w.org\/{rel}","templated":true}]}}