{"id":138717,"date":"2022-01-17T06:52:00","date_gmt":"2022-01-17T11:52:00","guid":{"rendered":"https:\/\/linitiative.ca\/International\/les-verts-entament-ce-lundi-la-preparation-pour-le-match-face-a-la-cote-divoire\/"},"modified":"2022-01-17T06:52:00","modified_gmt":"2022-01-17T11:52:00","slug":"les-verts-entament-ce-lundi-la-preparation-pour-le-match-face-a-la-cote-divoire","status":"publish","type":"post","link":"https:\/\/linitiative.ca\/International\/les-verts-entament-ce-lundi-la-preparation-pour-le-match-face-a-la-cote-divoire\/","title":{"rendered":"Les Verts entament ce lundi la pr\u00e9paration pour le match face \u00e0 la C\u00f4te d&rsquo;Ivoire"},"content":{"rendered":"<div>Apr\u00e8s un match nul et une d\u00e9faite lors des deux premiers matchs de la phase de poule, les joueurs de la s\u00e9lection nationale devront obligatoirement se ressaisir face \u00e0 la C\u00f4te d&rsquo;Ivoire<\/div>\n<p>Auteur:<br \/>\n<a href=\"https:\/\/www.lebuteur.com\/article\/detail?titre=les-verts-entament-ce-lundi-la-preparation-pour-le-match-face-a-la-cote-divoire&#038;id=102091\">Cliquez ici pour lire l&rsquo;article depuis sa source.<\/a><\/p>\n","protected":false},"excerpt":{"rendered":"<p>Apr\u00e8s un match nul et une d\u00e9faite lors des deux premiers matchs de la phase de poule, les joueurs de la s\u00e9lection nationale devront obligatoirement se ressaisir face \u00e0 la C\u00f4te d&rsquo;Ivoire Auteur: Cliquez ici pour lire l&rsquo;article depuis sa source.<\/p>\n","protected":false},"author":1738,"featured_media":0,"comment_status":"closed","ping_status":"closed","sticky":false,"template":"","format":"standard","meta":{"fifu_image_url":"","fifu_image_alt":"","footnotes":""},"categories":[53,75],"tags":[],"class_list":["post-138717","post","type-post","status-publish","format-standard","hentry","category-algerie","category-sport"],"_links":{"self":[{"href":"https:\/\/linitiative.ca\/International\/wp-json\/wp\/v2\/posts\/138717","targetHints":{"allow":["GET"]}}],"collection":[{"href":"https:\/\/linitiative.ca\/International\/wp-json\/wp\/v2\/posts"}],"about":[{"href":"https:\/\/linitiative.ca\/International\/wp-json\/wp\/v2\/types\/post"}],"author":[{"embeddable":true,"href":"https:\/\/linitiative.ca\/International\/wp-json\/wp\/v2\/users\/1738"}],"replies":[{"embeddable":true,"href":"https:\/\/linitiative.ca\/International\/wp-json\/wp\/v2\/comments?post=138717"}],"version-history":[{"count":0,"href":"https:\/\/linitiative.ca\/International\/wp-json\/wp\/v2\/posts\/138717\/revisions"}],"wp:attachment":[{"href":"https:\/\/linitiative.ca\/International\/wp-json\/wp\/v2\/media?parent=138717"}],"wp:term":[{"taxonomy":"category","embeddable":true,"href":"https:\/\/linitiative.ca\/International\/wp-json\/wp\/v2\/categories?post=138717"},{"taxonomy":"post_tag","embeddable":true,"href":"https:\/\/linitiative.ca\/International\/wp-json\/wp\/v2\/tags?post=138717"}],"curies":[{"name":"wp","href":"https:\/\/api.w.org\/{rel}","templated":true}]}}