{"id":138718,"date":"2022-01-17T07:04:00","date_gmt":"2022-01-17T12:04:00","guid":{"rendered":"https:\/\/linitiative.ca\/International\/can-2021-lanalyse-pessimiste-de-pierre-menes-apres-la-defaite-de-lalgerie-face-a-la-guinee-equatoriale\/"},"modified":"2022-01-17T07:04:00","modified_gmt":"2022-01-17T12:04:00","slug":"can-2021-lanalyse-pessimiste-de-pierre-menes-apres-la-defaite-de-lalgerie-face-a-la-guinee-equatoriale","status":"publish","type":"post","link":"https:\/\/linitiative.ca\/International\/can-2021-lanalyse-pessimiste-de-pierre-menes-apres-la-defaite-de-lalgerie-face-a-la-guinee-equatoriale\/","title":{"rendered":"CAN 2021 : L&rsquo;Analyse pessimiste de Pierre M\u00e9n\u00e8s apr\u00e8s la d\u00e9faite de l&rsquo;Alg\u00e9rie face \u00e0 la Guin\u00e9e Equatoriale"},"content":{"rendered":"<div>Dans cette coupe d&rsquo;Afrique des Nations, la situation n&rsquo;a jamais \u00e9t\u00e9 aussi compliqu\u00e9e pour l\u2019Alg\u00e9rie, lanterne rouge du groupe E<\/div>\n<p>Auteur:<br \/>\n<a href=\"https:\/\/www.lebuteur.com\/article\/detail?titre=can-2021-lanalyse-pessimiste-de-pierre-menes-apres-la-defaite-de-lalgerie-face-a-la-guinee-equatoriale&#038;id=102093\">Cliquez ici pour lire l&rsquo;article depuis sa source.<\/a><\/p>\n","protected":false},"excerpt":{"rendered":"<p>Dans cette coupe d&rsquo;Afrique des Nations, la situation n&rsquo;a jamais \u00e9t\u00e9 aussi compliqu\u00e9e pour l\u2019Alg\u00e9rie, lanterne rouge du groupe E Auteur: Cliquez ici pour lire l&rsquo;article depuis sa source.<\/p>\n","protected":false},"author":1738,"featured_media":0,"comment_status":"closed","ping_status":"closed","sticky":false,"template":"","format":"standard","meta":{"fifu_image_url":"","fifu_image_alt":"","footnotes":""},"categories":[53,75],"tags":[],"class_list":["post-138718","post","type-post","status-publish","format-standard","hentry","category-algerie","category-sport"],"_links":{"self":[{"href":"https:\/\/linitiative.ca\/International\/wp-json\/wp\/v2\/posts\/138718","targetHints":{"allow":["GET"]}}],"collection":[{"href":"https:\/\/linitiative.ca\/International\/wp-json\/wp\/v2\/posts"}],"about":[{"href":"https:\/\/linitiative.ca\/International\/wp-json\/wp\/v2\/types\/post"}],"author":[{"embeddable":true,"href":"https:\/\/linitiative.ca\/International\/wp-json\/wp\/v2\/users\/1738"}],"replies":[{"embeddable":true,"href":"https:\/\/linitiative.ca\/International\/wp-json\/wp\/v2\/comments?post=138718"}],"version-history":[{"count":0,"href":"https:\/\/linitiative.ca\/International\/wp-json\/wp\/v2\/posts\/138718\/revisions"}],"wp:attachment":[{"href":"https:\/\/linitiative.ca\/International\/wp-json\/wp\/v2\/media?parent=138718"}],"wp:term":[{"taxonomy":"category","embeddable":true,"href":"https:\/\/linitiative.ca\/International\/wp-json\/wp\/v2\/categories?post=138718"},{"taxonomy":"post_tag","embeddable":true,"href":"https:\/\/linitiative.ca\/International\/wp-json\/wp\/v2\/tags?post=138718"}],"curies":[{"name":"wp","href":"https:\/\/api.w.org\/{rel}","templated":true}]}}