{"id":138719,"date":"2022-01-17T07:24:00","date_gmt":"2022-01-17T12:24:00","guid":{"rendered":"https:\/\/linitiative.ca\/International\/angers-premiere-convocation-pour-bentaleb-a-loccasion-du-match-face-a-lorient\/"},"modified":"2022-01-17T07:24:00","modified_gmt":"2022-01-17T12:24:00","slug":"angers-premiere-convocation-pour-bentaleb-a-loccasion-du-match-face-a-lorient","status":"publish","type":"post","link":"https:\/\/linitiative.ca\/International\/angers-premiere-convocation-pour-bentaleb-a-loccasion-du-match-face-a-lorient\/","title":{"rendered":"Angers : Premi\u00e8re convocation pour Bentaleb \u00e0 l&rsquo;occasion du match face \u00e0 Lorient"},"content":{"rendered":"<div>Angers va disputer sa premi\u00e8re rencontre de l&rsquo;ann\u00e9e ce dimanche \u00e0 Lorient (15 heures) et peut-\u00eatre la premi\u00e8re de Bentaleb avec son nouveau club<\/div>\n<p>Auteur:<br \/>\n<a href=\"https:\/\/www.lebuteur.com\/article\/detail?titre=angers-premiere-convocation-pour-bentaleb-a-loccasion-du-match-face-a-lorient&#038;id=102092\">Cliquez ici pour lire l&rsquo;article depuis sa source.<\/a><\/p>\n","protected":false},"excerpt":{"rendered":"<p>Angers va disputer sa premi\u00e8re rencontre de l&rsquo;ann\u00e9e ce dimanche \u00e0 Lorient (15 heures) et peut-\u00eatre la premi\u00e8re de Bentaleb avec son nouveau club Auteur: Cliquez ici pour lire l&rsquo;article depuis sa source.<\/p>\n","protected":false},"author":1738,"featured_media":0,"comment_status":"closed","ping_status":"closed","sticky":false,"template":"","format":"standard","meta":{"fifu_image_url":"","fifu_image_alt":"","footnotes":""},"categories":[53,75],"tags":[],"class_list":["post-138719","post","type-post","status-publish","format-standard","hentry","category-algerie","category-sport"],"_links":{"self":[{"href":"https:\/\/linitiative.ca\/International\/wp-json\/wp\/v2\/posts\/138719","targetHints":{"allow":["GET"]}}],"collection":[{"href":"https:\/\/linitiative.ca\/International\/wp-json\/wp\/v2\/posts"}],"about":[{"href":"https:\/\/linitiative.ca\/International\/wp-json\/wp\/v2\/types\/post"}],"author":[{"embeddable":true,"href":"https:\/\/linitiative.ca\/International\/wp-json\/wp\/v2\/users\/1738"}],"replies":[{"embeddable":true,"href":"https:\/\/linitiative.ca\/International\/wp-json\/wp\/v2\/comments?post=138719"}],"version-history":[{"count":0,"href":"https:\/\/linitiative.ca\/International\/wp-json\/wp\/v2\/posts\/138719\/revisions"}],"wp:attachment":[{"href":"https:\/\/linitiative.ca\/International\/wp-json\/wp\/v2\/media?parent=138719"}],"wp:term":[{"taxonomy":"category","embeddable":true,"href":"https:\/\/linitiative.ca\/International\/wp-json\/wp\/v2\/categories?post=138719"},{"taxonomy":"post_tag","embeddable":true,"href":"https:\/\/linitiative.ca\/International\/wp-json\/wp\/v2\/tags?post=138719"}],"curies":[{"name":"wp","href":"https:\/\/api.w.org\/{rel}","templated":true}]}}