{"id":138720,"date":"2022-01-17T14:02:00","date_gmt":"2022-01-17T19:02:00","guid":{"rendered":"https:\/\/linitiative.ca\/International\/can-2021-le-cameroun-accroche-par-le-cap-vert\/"},"modified":"2022-01-17T14:02:00","modified_gmt":"2022-01-17T19:02:00","slug":"can-2021-le-cameroun-accroche-par-le-cap-vert","status":"publish","type":"post","link":"https:\/\/linitiative.ca\/International\/can-2021-le-cameroun-accroche-par-le-cap-vert\/","title":{"rendered":"CAN 2021 : Le Cameroun accroch\u00e9 par le Cap Vert"},"content":{"rendered":"<div>Vainqueur de ses deux premiers matches de la CAN, le Cameroun a \u00e9t\u00e9 tenu en \u00e9chec par le Cap Vert (1-1) ce lundi, \u00e0 Yaound\u00e9, lors de la troisi\u00e8me journ\u00e9e de la phase de poules<\/div>\n<p>Auteur:<br \/>\n<a href=\"https:\/\/www.lebuteur.com\/article\/detail?titre=can-2021-le-cameroun-accroche-par-le-cap-vert&#038;id=102094\">Cliquez ici pour lire l&rsquo;article depuis sa source.<\/a><\/p>\n","protected":false},"excerpt":{"rendered":"<p>Vainqueur de ses deux premiers matches de la CAN, le Cameroun a \u00e9t\u00e9 tenu en \u00e9chec par le Cap Vert (1-1) ce lundi, \u00e0 Yaound\u00e9, lors de la troisi\u00e8me journ\u00e9e de la phase de poules Auteur: Cliquez ici pour lire l&rsquo;article depuis sa source.<\/p>\n","protected":false},"author":1738,"featured_media":0,"comment_status":"closed","ping_status":"closed","sticky":false,"template":"","format":"standard","meta":{"fifu_image_url":"","fifu_image_alt":"","footnotes":""},"categories":[53,75],"tags":[],"class_list":["post-138720","post","type-post","status-publish","format-standard","hentry","category-algerie","category-sport"],"_links":{"self":[{"href":"https:\/\/linitiative.ca\/International\/wp-json\/wp\/v2\/posts\/138720","targetHints":{"allow":["GET"]}}],"collection":[{"href":"https:\/\/linitiative.ca\/International\/wp-json\/wp\/v2\/posts"}],"about":[{"href":"https:\/\/linitiative.ca\/International\/wp-json\/wp\/v2\/types\/post"}],"author":[{"embeddable":true,"href":"https:\/\/linitiative.ca\/International\/wp-json\/wp\/v2\/users\/1738"}],"replies":[{"embeddable":true,"href":"https:\/\/linitiative.ca\/International\/wp-json\/wp\/v2\/comments?post=138720"}],"version-history":[{"count":0,"href":"https:\/\/linitiative.ca\/International\/wp-json\/wp\/v2\/posts\/138720\/revisions"}],"wp:attachment":[{"href":"https:\/\/linitiative.ca\/International\/wp-json\/wp\/v2\/media?parent=138720"}],"wp:term":[{"taxonomy":"category","embeddable":true,"href":"https:\/\/linitiative.ca\/International\/wp-json\/wp\/v2\/categories?post=138720"},{"taxonomy":"post_tag","embeddable":true,"href":"https:\/\/linitiative.ca\/International\/wp-json\/wp\/v2\/tags?post=138720"}],"curies":[{"name":"wp","href":"https:\/\/api.w.org\/{rel}","templated":true}]}}