{"id":138725,"date":"2022-01-17T07:56:00","date_gmt":"2022-01-17T12:56:00","guid":{"rendered":"https:\/\/linitiative.ca\/International\/hichem-djait-aux-yeux-de-ses-contemporains\/"},"modified":"2022-01-17T07:56:00","modified_gmt":"2022-01-17T12:56:00","slug":"hichem-djait-aux-yeux-de-ses-contemporains","status":"publish","type":"post","link":"https:\/\/linitiative.ca\/International\/hichem-djait-aux-yeux-de-ses-contemporains\/","title":{"rendered":"Hichem Dja\u00eft aux yeux de ses contemporains"},"content":{"rendered":"<div><img decoding=\"async\" src=\"https:\/\/linitiative.ca\/International\/wp-content\/uploads\/sites\/23\/2022\/01\/1642423456_article.jpg\" alt=\"Hichem Dja\u00eft aux yeux de ses contemporains\" align=\"left\">Six mois apr\u00e8s sa disparition, le 1er juin dernier, \u00e0 l\u2019\u00e2ge de 85 ans, Hichem Dja\u00eft se r\u00e9v\u00e8le en fait peu connu sous d\u2019autres angles outre qu\u2019acad\u00e9miques. En dehors de ses grandes conf\u00e9rences et de ses livres-cultes, ce grand penseur et historien \u00e9m\u00e9rite n\u2019avait pas pens\u00e9 \u00e0 r\u00e9diger lui-m\u00eame son propre parcours de vie et scientifique.<br \/>\nHeureusement que Beit al Hikma, qu\u2019il avait dirig\u00e9e pendant quatre ans (2012-2015), vient de s\u2019y mettre en rendant hommage \u00e0 sa m\u00e9moire lors d\u2019une s\u00e9ance tenue le 6 d\u00e9cembre dernier. Pour nourrir son souvenir, l\u2019Acad\u00e9mie tunisienne des sciences, des lettres et des arts a invit\u00e9 une quarantaine de ses disciples, amis et &#8230;<\/p>\n<\/div>\n<p>Auteur:<br \/>\n<a href=\"https:\/\/www.leaders.com.tn\/article\/32872-hichem-djait-aux-yeux-de-ses-contemporains\">Cliquez ici pour lire l&rsquo;article depuis sa source.<\/a><\/p>\n","protected":false},"excerpt":{"rendered":"<p>Six mois apr\u00e8s sa disparition, le 1er juin dernier, \u00e0 l\u2019\u00e2ge de 85 ans, Hichem Dja\u00eft se r\u00e9v\u00e8le en fait peu connu sous d\u2019autres angles outre qu\u2019acad\u00e9miques. En dehors de ses grandes conf\u00e9rences et de ses livres-cultes, ce grand penseur et historien \u00e9m\u00e9rite n\u2019avait pas pens\u00e9 \u00e0 r\u00e9diger lui-m\u00eame son propre parcours de vie et [&hellip;]<\/p>\n","protected":false},"author":1772,"featured_media":0,"comment_status":"closed","ping_status":"closed","sticky":false,"template":"","format":"standard","meta":{"fifu_image_url":"http:\/\/www.leaders.com.tn\/uploads\/content\/thumbnails_small\/1642423456_article.jpg","fifu_image_alt":"Hichem Dja\u00eft aux yeux de ses contemporains","footnotes":""},"categories":[73,55],"tags":[],"class_list":["post-138725","post","type-post","status-publish","format-standard","hentry","category-actualite","category-tunisie"],"_links":{"self":[{"href":"https:\/\/linitiative.ca\/International\/wp-json\/wp\/v2\/posts\/138725","targetHints":{"allow":["GET"]}}],"collection":[{"href":"https:\/\/linitiative.ca\/International\/wp-json\/wp\/v2\/posts"}],"about":[{"href":"https:\/\/linitiative.ca\/International\/wp-json\/wp\/v2\/types\/post"}],"author":[{"embeddable":true,"href":"https:\/\/linitiative.ca\/International\/wp-json\/wp\/v2\/users\/1772"}],"replies":[{"embeddable":true,"href":"https:\/\/linitiative.ca\/International\/wp-json\/wp\/v2\/comments?post=138725"}],"version-history":[{"count":0,"href":"https:\/\/linitiative.ca\/International\/wp-json\/wp\/v2\/posts\/138725\/revisions"}],"wp:attachment":[{"href":"https:\/\/linitiative.ca\/International\/wp-json\/wp\/v2\/media?parent=138725"}],"wp:term":[{"taxonomy":"category","embeddable":true,"href":"https:\/\/linitiative.ca\/International\/wp-json\/wp\/v2\/categories?post=138725"},{"taxonomy":"post_tag","embeddable":true,"href":"https:\/\/linitiative.ca\/International\/wp-json\/wp\/v2\/tags?post=138725"}],"curies":[{"name":"wp","href":"https:\/\/api.w.org\/{rel}","templated":true}]}}