{"id":138738,"date":"2022-01-17T16:21:22","date_gmt":"2022-01-17T21:21:22","guid":{"rendered":"https:\/\/linitiative.ca\/International\/tunisie-en-quoi-une-suspension-des-cours-de-deux-semaines-pouvait-elle-gener-lavenir-du-monde\/"},"modified":"2022-01-17T16:21:22","modified_gmt":"2022-01-17T21:21:22","slug":"tunisie-en-quoi-une-suspension-des-cours-de-deux-semaines-pouvait-elle-gener-lavenir-du-monde","status":"publish","type":"post","link":"https:\/\/linitiative.ca\/International\/tunisie-en-quoi-une-suspension-des-cours-de-deux-semaines-pouvait-elle-gener-lavenir-du-monde\/","title":{"rendered":"Tunisie \u2013 En quoi une suspension des cours de deux semaines pouvait-elle g\u00eaner l\u2019avenir du monde\u00a0?"},"content":{"rendered":"<div>\n<p>Il est vrai que la suspension des cours et la fermeture des \u00e9coles, pour essayer d\u2019enrayer l\u2019\u00e9volution de l\u2019actuelle vague de covid, est aussi inutile que non fond\u00e9e. Car si l\u2019actuelle vague apporte quelque chose de positif dans l\u2019implacable \u00e9volution de la pand\u00e9mie, c\u2019est qu\u2019elle est v\u00e9hicul\u00e9e par un variant peu virulent, bien que tr\u00e8s [\u2026]<\/p>\n<p>L\u2019article <a href=\"https:\/\/www.tunisienumerique.com\/tunisie-en-quoi-une-suspension-des-cours-de-deux-semaines-pouvait-elle-gener-lavenir-du-monde\/\">Tunisie \u2013 En quoi une suspension des cours de deux semaines pouvait-elle g\u00eaner l\u2019avenir du monde\u00a0?<\/a> est apparu en premier sur <a href=\"https:\/\/www.tunisienumerique.com\/\">Tunisie<\/a>.<\/p>\n<\/div>\n<p>Auteur: Saber .<br \/>\n<a href=\"https:\/\/www.tunisienumerique.com\/tunisie-en-quoi-une-suspension-des-cours-de-deux-semaines-pouvait-elle-gener-lavenir-du-monde\/\">Cliquez ici pour lire l&rsquo;article depuis sa source.<\/a><\/p>\n","protected":false},"excerpt":{"rendered":"<p>Il est vrai que la suspension des cours et la fermeture des \u00e9coles, pour essayer d\u2019enrayer l\u2019\u00e9volution de l\u2019actuelle vague de covid, est aussi inutile que non fond\u00e9e. Car si l\u2019actuelle vague apporte quelque chose de positif dans l\u2019implacable \u00e9volution de la pand\u00e9mie, c\u2019est qu\u2019elle est v\u00e9hicul\u00e9e par un variant peu virulent, bien que tr\u00e8s [&hellip;]<\/p>\n","protected":false},"author":1789,"featured_media":0,"comment_status":"closed","ping_status":"closed","sticky":false,"template":"","format":"standard","meta":{"fifu_image_url":"","fifu_image_alt":"","footnotes":""},"categories":[73,55],"tags":[],"class_list":["post-138738","post","type-post","status-publish","format-standard","hentry","category-actualite","category-tunisie"],"_links":{"self":[{"href":"https:\/\/linitiative.ca\/International\/wp-json\/wp\/v2\/posts\/138738","targetHints":{"allow":["GET"]}}],"collection":[{"href":"https:\/\/linitiative.ca\/International\/wp-json\/wp\/v2\/posts"}],"about":[{"href":"https:\/\/linitiative.ca\/International\/wp-json\/wp\/v2\/types\/post"}],"author":[{"embeddable":true,"href":"https:\/\/linitiative.ca\/International\/wp-json\/wp\/v2\/users\/1789"}],"replies":[{"embeddable":true,"href":"https:\/\/linitiative.ca\/International\/wp-json\/wp\/v2\/comments?post=138738"}],"version-history":[{"count":0,"href":"https:\/\/linitiative.ca\/International\/wp-json\/wp\/v2\/posts\/138738\/revisions"}],"wp:attachment":[{"href":"https:\/\/linitiative.ca\/International\/wp-json\/wp\/v2\/media?parent=138738"}],"wp:term":[{"taxonomy":"category","embeddable":true,"href":"https:\/\/linitiative.ca\/International\/wp-json\/wp\/v2\/categories?post=138738"},{"taxonomy":"post_tag","embeddable":true,"href":"https:\/\/linitiative.ca\/International\/wp-json\/wp\/v2\/tags?post=138738"}],"curies":[{"name":"wp","href":"https:\/\/api.w.org\/{rel}","templated":true}]}}