{"id":138739,"date":"2022-01-17T16:23:02","date_gmt":"2022-01-17T21:23:02","guid":{"rendered":"https:\/\/linitiative.ca\/International\/tunisie-la-cheffe-du-gouvernement-recoit-le-controleur-general-des-services-publics\/"},"modified":"2022-01-17T16:23:02","modified_gmt":"2022-01-17T21:23:02","slug":"tunisie-la-cheffe-du-gouvernement-recoit-le-controleur-general-des-services-publics","status":"publish","type":"post","link":"https:\/\/linitiative.ca\/International\/tunisie-la-cheffe-du-gouvernement-recoit-le-controleur-general-des-services-publics\/","title":{"rendered":"Tunisie : La Cheffe du gouvernement re\u00e7oit le Contr\u00f4leur G\u00e9n\u00e9ral des Services Publics"},"content":{"rendered":"<div>\n<p>La Cheffe du gouvernement, Mme. Najla Bouden a re\u00e7u ce lundi 17 janvier 2022, au Palais du gouvernement \u00e0 la Kasbah, le Contr\u00f4leur G\u00e9n\u00e9ral des Services Publics, Slim Hentati. Au cours de cette rencontre, Mme. Bouden a pris connaissance de la mise en \u0153uvre du programme d\u2019inspection pour l\u2019ann\u00e9e 2021 portant sur les t\u00e2ches programm\u00e9es, [\u2026]<\/p>\n<p>L\u2019article <a href=\"https:\/\/www.tunisienumerique.com\/tunisie-la-cheffe-du-gouvernement-recoit-le-controleur-general-des-services-publics\/\">Tunisie : La Cheffe du gouvernement re\u00e7oit le Contr\u00f4leur G\u00e9n\u00e9ral des Services Publics<\/a> est apparu en premier sur <a href=\"https:\/\/www.tunisienumerique.com\/\">Tunisie<\/a>.<\/p>\n<\/div>\n<p>Auteur: rania ben slimane<br \/>\n<a href=\"https:\/\/www.tunisienumerique.com\/tunisie-la-cheffe-du-gouvernement-recoit-le-controleur-general-des-services-publics\/\">Cliquez ici pour lire l&rsquo;article depuis sa source.<\/a><\/p>\n","protected":false},"excerpt":{"rendered":"<p>La Cheffe du gouvernement, Mme. Najla Bouden a re\u00e7u ce lundi 17 janvier 2022, au Palais du gouvernement \u00e0 la Kasbah, le Contr\u00f4leur G\u00e9n\u00e9ral des Services Publics, Slim Hentati. Au cours de cette rencontre, Mme. Bouden a pris connaissance de la mise en \u0153uvre du programme d\u2019inspection pour l\u2019ann\u00e9e 2021 portant sur les t\u00e2ches programm\u00e9es, [&hellip;]<\/p>\n","protected":false},"author":1789,"featured_media":0,"comment_status":"closed","ping_status":"closed","sticky":false,"template":"","format":"standard","meta":{"fifu_image_url":"","fifu_image_alt":"","footnotes":""},"categories":[73,55],"tags":[],"class_list":["post-138739","post","type-post","status-publish","format-standard","hentry","category-actualite","category-tunisie"],"_links":{"self":[{"href":"https:\/\/linitiative.ca\/International\/wp-json\/wp\/v2\/posts\/138739","targetHints":{"allow":["GET"]}}],"collection":[{"href":"https:\/\/linitiative.ca\/International\/wp-json\/wp\/v2\/posts"}],"about":[{"href":"https:\/\/linitiative.ca\/International\/wp-json\/wp\/v2\/types\/post"}],"author":[{"embeddable":true,"href":"https:\/\/linitiative.ca\/International\/wp-json\/wp\/v2\/users\/1789"}],"replies":[{"embeddable":true,"href":"https:\/\/linitiative.ca\/International\/wp-json\/wp\/v2\/comments?post=138739"}],"version-history":[{"count":0,"href":"https:\/\/linitiative.ca\/International\/wp-json\/wp\/v2\/posts\/138739\/revisions"}],"wp:attachment":[{"href":"https:\/\/linitiative.ca\/International\/wp-json\/wp\/v2\/media?parent=138739"}],"wp:term":[{"taxonomy":"category","embeddable":true,"href":"https:\/\/linitiative.ca\/International\/wp-json\/wp\/v2\/categories?post=138739"},{"taxonomy":"post_tag","embeddable":true,"href":"https:\/\/linitiative.ca\/International\/wp-json\/wp\/v2\/tags?post=138739"}],"curies":[{"name":"wp","href":"https:\/\/api.w.org\/{rel}","templated":true}]}}