{"id":138742,"date":"2022-01-17T15:06:20","date_gmt":"2022-01-17T20:06:20","guid":{"rendered":"https:\/\/linitiative.ca\/International\/disparition-de-lancien-president-malienquid-des-familles-politique-et-biologique-de-ibk\/"},"modified":"2022-01-17T15:06:20","modified_gmt":"2022-01-17T20:06:20","slug":"disparition-de-lancien-president-malienquid-des-familles-politique-et-biologique-de-ibk","status":"publish","type":"post","link":"https:\/\/linitiative.ca\/International\/disparition-de-lancien-president-malienquid-des-familles-politique-et-biologique-de-ibk\/","title":{"rendered":"DISPARITION DE L\u2019ANCIEN PRESIDENT MALIEN:Quid des familles politique et biologique de IBK ?"},"content":{"rendered":"<div>\n<p><img decoding=\"async\" width=\"800\" height=\"400\" src=\"https:\/\/linitiative.ca\/International\/wp-content\/uploads\/sites\/23\/2022\/01\/IBK-1.jpg\" class=\"attachment- size- wp-post-image\" alt=\"\" loading=\"lazy\" style=\"float:left; margin:0 15px 15px 0;\" srcset=\"https:\/\/linitiative.ca\/International\/wp-content\/uploads\/sites\/23\/2022\/01\/IBK-1.jpg 800w, https:\/\/lepays.bf\/wp-content\/uploads\/2022\/01\/IBK-1-300x150.jpg 300w, https:\/\/lepays.bf\/wp-content\/uploads\/2022\/01\/IBK-1-768x384.jpg 768w\" sizes=\"auto, (max-width: 800px) 100vw, 800px\">\u00a0 Au moment o\u00f9 s\u2019organisent les fun\u00e9railles de l\u2019ancien pr\u00e9sident malien, Ibrahim Boubacar K\u00e9ita (IBK), d\u00e9c\u00e9d\u00e9 le 16 janvier dernier \u00e0 Bamako, des questions se posent concernant ses familles politique et biologique. En effet, depuis sa chute, en ao\u00fbt 2020, suite au coup d\u2019Etat du colonel Assimi Go\u00efta et ses camarades, l\u2019ancien chef de l\u2019Etat \u2026<\/p>\n<p>L\u2019article <a rel=\"nofollow\" href=\"https:\/\/lepays.bf\/disparition-de-lancien-president-malienquid-des-familles-politique-et-biologique-de-ibk\/\">DISPARITION DE L\u2019ANCIEN PRESIDENT MALIEN:Quid des familles politique et biologique de IBK ?<\/a> est apparu en premier sur <a rel=\"nofollow\" href=\"https:\/\/lepays.bf\/\">Editions Le Pays<\/a>.<\/p>\n<\/div>\n<p>Auteur: Editions LEPAYS<br \/>\n<a href=\"https:\/\/lepays.bf\/disparition-de-lancien-president-malienquid-des-familles-politique-et-biologique-de-ibk\/\">Cliquez ici pour lire l&rsquo;article depuis sa source.<\/a><\/p>\n","protected":false},"excerpt":{"rendered":"<p>\u00a0 Au moment o\u00f9 s\u2019organisent les fun\u00e9railles de l\u2019ancien pr\u00e9sident malien, Ibrahim Boubacar K\u00e9ita (IBK), d\u00e9c\u00e9d\u00e9 le 16 janvier dernier \u00e0 Bamako, des questions se posent concernant ses familles politique et biologique. En effet, depuis sa chute, en ao\u00fbt 2020, suite au coup d\u2019Etat du colonel Assimi Go\u00efta et ses camarades, l\u2019ancien chef de l\u2019Etat [&hellip;]<\/p>\n","protected":false},"author":1813,"featured_media":0,"comment_status":"closed","ping_status":"closed","sticky":false,"template":"","format":"standard","meta":{"fifu_image_url":"https:\/\/lepays.bf\/wp-content\/uploads\/2022\/01\/IBK-1.jpg","fifu_image_alt":"DISPARITION DE L\u2019ANCIEN PRESIDENT MALIEN:Quid des familles politique et biologique de IBK ?","footnotes":""},"categories":[73,81],"tags":[],"class_list":["post-138742","post","type-post","status-publish","format-standard","hentry","category-actualite","category-burkina-faso"],"_links":{"self":[{"href":"https:\/\/linitiative.ca\/International\/wp-json\/wp\/v2\/posts\/138742","targetHints":{"allow":["GET"]}}],"collection":[{"href":"https:\/\/linitiative.ca\/International\/wp-json\/wp\/v2\/posts"}],"about":[{"href":"https:\/\/linitiative.ca\/International\/wp-json\/wp\/v2\/types\/post"}],"author":[{"embeddable":true,"href":"https:\/\/linitiative.ca\/International\/wp-json\/wp\/v2\/users\/1813"}],"replies":[{"embeddable":true,"href":"https:\/\/linitiative.ca\/International\/wp-json\/wp\/v2\/comments?post=138742"}],"version-history":[{"count":0,"href":"https:\/\/linitiative.ca\/International\/wp-json\/wp\/v2\/posts\/138742\/revisions"}],"wp:attachment":[{"href":"https:\/\/linitiative.ca\/International\/wp-json\/wp\/v2\/media?parent=138742"}],"wp:term":[{"taxonomy":"category","embeddable":true,"href":"https:\/\/linitiative.ca\/International\/wp-json\/wp\/v2\/categories?post=138742"},{"taxonomy":"post_tag","embeddable":true,"href":"https:\/\/linitiative.ca\/International\/wp-json\/wp\/v2\/tags?post=138742"}],"curies":[{"name":"wp","href":"https:\/\/api.w.org\/{rel}","templated":true}]}}