{"id":138746,"date":"2022-01-17T15:16:46","date_gmt":"2022-01-17T20:16:46","guid":{"rendered":"https:\/\/linitiative.ca\/International\/evacuation-dalpha-conde-quand-la-junte-fait-preuve-de-mansuetude\/"},"modified":"2022-01-17T15:16:46","modified_gmt":"2022-01-17T20:16:46","slug":"evacuation-dalpha-conde-quand-la-junte-fait-preuve-de-mansuetude","status":"publish","type":"post","link":"https:\/\/linitiative.ca\/International\/evacuation-dalpha-conde-quand-la-junte-fait-preuve-de-mansuetude\/","title":{"rendered":"EVACUATION D\u2019ALPHA CONDE : Quand la junte fait preuve de mansu\u00e9tude"},"content":{"rendered":"<div>\n<p><img decoding=\"async\" width=\"680\" height=\"489\" src=\"https:\/\/linitiative.ca\/International\/wp-content\/uploads\/sites\/23\/2022\/01\/Alpha-Conde-1.jpg\" class=\"attachment- size- wp-post-image\" alt=\"\" loading=\"lazy\" style=\"float:left; margin:0 15px 15px 0;\" srcset=\"https:\/\/linitiative.ca\/International\/wp-content\/uploads\/sites\/23\/2022\/01\/Alpha-Conde-1.jpg 680w, https:\/\/lepays.bf\/wp-content\/uploads\/2022\/01\/Alpha-Conde-1-300x216.jpg 300w\" sizes=\"auto, (max-width: 680px) 100vw, 680px\">\u00a0 La junte au pouvoir l\u2019avait promis. Et c\u2019est d\u00e9sormais chose faite. En effet, l\u2019ancien pr\u00e9sident\u00a0 Alpha Cond\u00e9, renvers\u00e9 le 5 septembre 2020, a quitt\u00e9 la Guin\u00e9e\u00a0 pour Abu Dhabi o\u00f9 il subira des soins m\u00e9dicaux. Pour un acte de mansu\u00e9tude, c\u2019en est un de la part des militaires au pouvoir qui, en plus d\u2019avoir \u2026<\/p>\n<p>L\u2019article <a rel=\"nofollow\" href=\"https:\/\/lepays.bf\/evacuation-dalpha-conde-quand-la-junte-fait-preuve-de-mansuetude\/\">EVACUATION D\u2019ALPHA CONDE : Quand la junte fait preuve de mansu\u00e9tude<\/a> est apparu en premier sur <a rel=\"nofollow\" href=\"https:\/\/lepays.bf\/\">Editions Le Pays<\/a>.<\/p>\n<\/div>\n<p>Auteur: Editions LEPAYS<br \/>\n<a href=\"https:\/\/lepays.bf\/evacuation-dalpha-conde-quand-la-junte-fait-preuve-de-mansuetude\/\">Cliquez ici pour lire l&rsquo;article depuis sa source.<\/a><\/p>\n","protected":false},"excerpt":{"rendered":"<p>\u00a0 La junte au pouvoir l\u2019avait promis. Et c\u2019est d\u00e9sormais chose faite. En effet, l\u2019ancien pr\u00e9sident\u00a0 Alpha Cond\u00e9, renvers\u00e9 le 5 septembre 2020, a quitt\u00e9 la Guin\u00e9e\u00a0 pour Abu Dhabi o\u00f9 il subira des soins m\u00e9dicaux. Pour un acte de mansu\u00e9tude, c\u2019en est un de la part des militaires au pouvoir qui, en plus d\u2019avoir [&hellip;]<\/p>\n","protected":false},"author":1813,"featured_media":0,"comment_status":"closed","ping_status":"closed","sticky":false,"template":"","format":"standard","meta":{"fifu_image_url":"https:\/\/lepays.bf\/wp-content\/uploads\/2022\/01\/Alpha-Conde-1.jpg","fifu_image_alt":"EVACUATION D\u2019ALPHA CONDE : Quand la junte fait preuve de mansu\u00e9tude","footnotes":""},"categories":[73,81],"tags":[],"class_list":["post-138746","post","type-post","status-publish","format-standard","hentry","category-actualite","category-burkina-faso"],"_links":{"self":[{"href":"https:\/\/linitiative.ca\/International\/wp-json\/wp\/v2\/posts\/138746","targetHints":{"allow":["GET"]}}],"collection":[{"href":"https:\/\/linitiative.ca\/International\/wp-json\/wp\/v2\/posts"}],"about":[{"href":"https:\/\/linitiative.ca\/International\/wp-json\/wp\/v2\/types\/post"}],"author":[{"embeddable":true,"href":"https:\/\/linitiative.ca\/International\/wp-json\/wp\/v2\/users\/1813"}],"replies":[{"embeddable":true,"href":"https:\/\/linitiative.ca\/International\/wp-json\/wp\/v2\/comments?post=138746"}],"version-history":[{"count":0,"href":"https:\/\/linitiative.ca\/International\/wp-json\/wp\/v2\/posts\/138746\/revisions"}],"wp:attachment":[{"href":"https:\/\/linitiative.ca\/International\/wp-json\/wp\/v2\/media?parent=138746"}],"wp:term":[{"taxonomy":"category","embeddable":true,"href":"https:\/\/linitiative.ca\/International\/wp-json\/wp\/v2\/categories?post=138746"},{"taxonomy":"post_tag","embeddable":true,"href":"https:\/\/linitiative.ca\/International\/wp-json\/wp\/v2\/tags?post=138746"}],"curies":[{"name":"wp","href":"https:\/\/api.w.org\/{rel}","templated":true}]}}