{"id":138750,"date":"2022-01-17T15:33:18","date_gmt":"2022-01-17T20:33:18","guid":{"rendered":"https:\/\/linitiative.ca\/International\/chrono-a-lheure\/"},"modified":"2022-01-17T15:33:18","modified_gmt":"2022-01-17T20:33:18","slug":"chrono-a-lheure","status":"publish","type":"post","link":"https:\/\/linitiative.ca\/International\/chrono-a-lheure\/","title":{"rendered":"CHRONO:  A l\u2019heure"},"content":{"rendered":"<div>\n<p><img decoding=\"async\" width=\"1137\" height=\"636\" src=\"https:\/\/linitiative.ca\/International\/wp-content\/uploads\/sites\/23\/2022\/01\/lepaysresponsive-2.png\" class=\"attachment- default-featured-img\" alt=\"\" loading=\"lazy\" srcset=\"https:\/\/linitiative.ca\/International\/wp-content\/uploads\/sites\/23\/2022\/01\/lepaysresponsive-2.png 1137w, https:\/\/lepays.bf\/wp-content\/uploads\/2017\/07\/lepaysresponsive-300x168.png 300w, https:\/\/lepays.bf\/wp-content\/uploads\/2017\/07\/lepaysresponsive-768x430.png 768w, https:\/\/lepays.bf\/wp-content\/uploads\/2017\/07\/lepaysresponsive-1024x573.png 1024w\" sizes=\"auto, (max-width: 1137px) 100vw, 1137px\">\u00a0 La conf\u00e9rence de presse des ressortissants de Namsiguia, sur la situation s\u00e9curitaire de leur localit\u00e9, pr\u00e9vue pour se tenir le 13 janvier 2022 \u00e0 Ouagadougou \u00e0 10h00, a effectivement d\u00e9but\u00e9 \u00e0 l\u2019heure.<\/p>\n<p>L\u2019article <a rel=\"nofollow\" href=\"https:\/\/lepays.bf\/chrono-a-lheure\/\">CHRONO:  A l\u2019heure<\/a> est apparu en premier sur <a rel=\"nofollow\" href=\"https:\/\/lepays.bf\/\">Editions Le Pays<\/a>.<\/p>\n<\/div>\n<p>Auteur: Editions LEPAYS<br \/>\n<a href=\"https:\/\/lepays.bf\/chrono-a-lheure\/\">Cliquez ici pour lire l&rsquo;article depuis sa source.<\/a><\/p>\n","protected":false},"excerpt":{"rendered":"<p>\u00a0 La conf\u00e9rence de presse des ressortissants de Namsiguia, sur la situation s\u00e9curitaire de leur localit\u00e9, pr\u00e9vue pour se tenir le 13 janvier 2022 \u00e0 Ouagadougou \u00e0 10h00, a effectivement d\u00e9but\u00e9 \u00e0 l\u2019heure. L\u2019article CHRONO: A l\u2019heure est apparu en premier sur Editions Le Pays. Auteur: Editions LEPAYS Cliquez ici pour lire l&rsquo;article depuis sa [&hellip;]<\/p>\n","protected":false},"author":1813,"featured_media":0,"comment_status":"closed","ping_status":"closed","sticky":false,"template":"","format":"standard","meta":{"fifu_image_url":"https:\/\/lepays.bf\/wp-content\/uploads\/2017\/07\/lepaysresponsive.png","fifu_image_alt":"CHRONO:  A l\u2019heure","footnotes":""},"categories":[73,81],"tags":[],"class_list":["post-138750","post","type-post","status-publish","format-standard","hentry","category-actualite","category-burkina-faso"],"_links":{"self":[{"href":"https:\/\/linitiative.ca\/International\/wp-json\/wp\/v2\/posts\/138750","targetHints":{"allow":["GET"]}}],"collection":[{"href":"https:\/\/linitiative.ca\/International\/wp-json\/wp\/v2\/posts"}],"about":[{"href":"https:\/\/linitiative.ca\/International\/wp-json\/wp\/v2\/types\/post"}],"author":[{"embeddable":true,"href":"https:\/\/linitiative.ca\/International\/wp-json\/wp\/v2\/users\/1813"}],"replies":[{"embeddable":true,"href":"https:\/\/linitiative.ca\/International\/wp-json\/wp\/v2\/comments?post=138750"}],"version-history":[{"count":0,"href":"https:\/\/linitiative.ca\/International\/wp-json\/wp\/v2\/posts\/138750\/revisions"}],"wp:attachment":[{"href":"https:\/\/linitiative.ca\/International\/wp-json\/wp\/v2\/media?parent=138750"}],"wp:term":[{"taxonomy":"category","embeddable":true,"href":"https:\/\/linitiative.ca\/International\/wp-json\/wp\/v2\/categories?post=138750"},{"taxonomy":"post_tag","embeddable":true,"href":"https:\/\/linitiative.ca\/International\/wp-json\/wp\/v2\/tags?post=138750"}],"curies":[{"name":"wp","href":"https:\/\/api.w.org\/{rel}","templated":true}]}}