{"id":138759,"date":"2022-01-17T12:18:03","date_gmt":"2022-01-17T17:18:03","guid":{"rendered":"https:\/\/linitiative.ca\/International\/guinee-alpha-conde-en-route-pour-les-emirats-arabes-unis\/"},"modified":"2022-01-17T12:18:03","modified_gmt":"2022-01-17T17:18:03","slug":"guinee-alpha-conde-en-route-pour-les-emirats-arabes-unis","status":"publish","type":"post","link":"https:\/\/linitiative.ca\/International\/guinee-alpha-conde-en-route-pour-les-emirats-arabes-unis\/","title":{"rendered":"Guin\u00e9e : Alpha Cond\u00e9 en route pour les \u00c9mirats arabes unis"},"content":{"rendered":"<div>\n<p><img decoding=\"async\" width=\"2048\" height=\"1365\" src=\"https:\/\/linitiative.ca\/International\/wp-content\/uploads\/sites\/23\/2022\/01\/16424398839940.jpg\" class=\"attachment-post-thumbnail size-post-thumbnail wp-post-image\" alt=\"\" loading=\"lazy\" srcset=\"https:\/\/linitiative.ca\/International\/wp-content\/uploads\/sites\/23\/2022\/01\/16424398839940.jpg 2048w, https:\/\/www.journalducameroun.com\/wp-content\/uploads\/2022\/01\/16424398839940-300x200.jpg 300w, https:\/\/www.journalducameroun.com\/wp-content\/uploads\/2022\/01\/16424398839940-1024x683.jpg 1024w, https:\/\/www.journalducameroun.com\/wp-content\/uploads\/2022\/01\/16424398839940-768x512.jpg 768w, https:\/\/www.journalducameroun.com\/wp-content\/uploads\/2022\/01\/16424398839940-1536x1024.jpg 1536w, https:\/\/www.journalducameroun.com\/wp-content\/uploads\/2022\/01\/16424398839940-660x440.jpg 660w, https:\/\/www.journalducameroun.com\/wp-content\/uploads\/2022\/01\/16424398839940-600x400.jpg 600w\" sizes=\"auto, (max-width: 2048px) 100vw, 2048px\"><\/p>\n<p>L&rsquo;ancien pr\u00e9sident guin\u00e9en avait obtenu r\u00e9cemment de la junte au pouvoir une autorisation de quitter le pays pour des soins de sant\u00e9.L&rsquo;avion transportant celui qui dirigeait la Guin\u00e9e de 2010 \u00e0 2021 a quitt\u00e9 la capitale, Conakry, ce lundi pour Abou Dhabi via Le Caire (Egypte). Alpha Cond\u00e9 s\u00e9journera dans la capitale \u00e9miratie durant un mois avant de regagner son pays selon l&rsquo;autorisation de sortie du territoire qui lui a \u00e9t\u00e9 accord\u00e9e.<\/p>\n<p>Le pr\u00e9sident Cond\u00e9 a \u00e9t\u00e9 destitu\u00e9 le 5 septembre 2021 par un putsch militaire dirig\u00e9 par le colonel Mamady Doumbouya qui jusque-l\u00e0 commandait le Groupement des forces sp\u00e9ciales (GFS).<\/p>\n<p>D\u00e9tenu \u00ab en lieu s\u00fbr \u00bb, selon les termes de la junte militaire, il a \u00e9t\u00e9 transf\u00e9r\u00e9 le 29 novembre dernier \u00e0 la r\u00e9sidence de son \u00e9pouse \u00e0 Conakry. D\u00e9but janvier, il a \u00e9t\u00e9 autoris\u00e9 \u00e0 se rendre \u00e0 l&rsquo;\u00e9tranger pour des soins m\u00e9dicaux.<\/p>\n<p>Cet article <a rel=\"nofollow\" href=\"https:\/\/www.journalducameroun.com\/guinee-alpha-conde-en-route-pour-les-emirats-arabes-unis\/\">Guin\u00e9e : Alpha Cond\u00e9 en route pour les \u00c9mirats arabes unis<\/a> est apparu en premier sur <a rel=\"nofollow\" href=\"https:\/\/www.journalducameroun.com\/\">Journal du Cameroun<\/a>.<\/p>\n<\/div>\n<p>Auteur: APA News<br \/>\n<a href=\"https:\/\/www.journalducameroun.com\/guinee-alpha-conde-en-route-pour-les-emirats-arabes-unis\/\">Cliquez ici pour lire l&rsquo;article depuis sa source.<\/a><\/p>\n","protected":false},"excerpt":{"rendered":"<p>L&rsquo;ancien pr\u00e9sident guin\u00e9en avait obtenu r\u00e9cemment de la junte au pouvoir une autorisation de quitter le pays pour des soins de sant\u00e9.L&rsquo;avion transportant celui qui dirigeait la Guin\u00e9e de 2010 \u00e0 2021 a quitt\u00e9 la capitale, Conakry, ce lundi pour Abou Dhabi via Le Caire (Egypte). Alpha Cond\u00e9 s\u00e9journera dans la capitale \u00e9miratie durant un [&hellip;]<\/p>\n","protected":false},"author":1965,"featured_media":0,"comment_status":"closed","ping_status":"closed","sticky":false,"template":"","format":"standard","meta":{"fifu_image_url":"https:\/\/www.journalducameroun.com\/wp-content\/uploads\/2022\/01\/16424398839940.jpg","fifu_image_alt":"Guin\u00e9e : Alpha Cond\u00e9 en route pour les \u00c9mirats arabes unis","footnotes":""},"categories":[73,82],"tags":[],"class_list":["post-138759","post","type-post","status-publish","format-standard","hentry","category-actualite","category-cameroun"],"_links":{"self":[{"href":"https:\/\/linitiative.ca\/International\/wp-json\/wp\/v2\/posts\/138759","targetHints":{"allow":["GET"]}}],"collection":[{"href":"https:\/\/linitiative.ca\/International\/wp-json\/wp\/v2\/posts"}],"about":[{"href":"https:\/\/linitiative.ca\/International\/wp-json\/wp\/v2\/types\/post"}],"author":[{"embeddable":true,"href":"https:\/\/linitiative.ca\/International\/wp-json\/wp\/v2\/users\/1965"}],"replies":[{"embeddable":true,"href":"https:\/\/linitiative.ca\/International\/wp-json\/wp\/v2\/comments?post=138759"}],"version-history":[{"count":0,"href":"https:\/\/linitiative.ca\/International\/wp-json\/wp\/v2\/posts\/138759\/revisions"}],"wp:attachment":[{"href":"https:\/\/linitiative.ca\/International\/wp-json\/wp\/v2\/media?parent=138759"}],"wp:term":[{"taxonomy":"category","embeddable":true,"href":"https:\/\/linitiative.ca\/International\/wp-json\/wp\/v2\/categories?post=138759"},{"taxonomy":"post_tag","embeddable":true,"href":"https:\/\/linitiative.ca\/International\/wp-json\/wp\/v2\/tags?post=138759"}],"curies":[{"name":"wp","href":"https:\/\/api.w.org\/{rel}","templated":true}]}}