{"id":138761,"date":"2022-01-17T12:19:42","date_gmt":"2022-01-17T17:19:42","guid":{"rendered":"https:\/\/linitiative.ca\/International\/cameroun-le-president-de-la-caf-offre-pres-de-115-millions-de-fcfa-a-leglise-catholique-romaine\/"},"modified":"2022-01-17T12:19:42","modified_gmt":"2022-01-17T17:19:42","slug":"cameroun-le-president-de-la-caf-offre-pres-de-115-millions-de-fcfa-a-leglise-catholique-romaine","status":"publish","type":"post","link":"https:\/\/linitiative.ca\/International\/cameroun-le-president-de-la-caf-offre-pres-de-115-millions-de-fcfa-a-leglise-catholique-romaine\/","title":{"rendered":"Cameroun : le pr\u00e9sident de la CAF offre pr\u00e8s de 115 millions de Fcfa \u00e0 l\u2019\u00e9glise catholique romaine"},"content":{"rendered":"<div>\n<p><img decoding=\"async\" width=\"900\" height=\"450\" src=\"https:\/\/linitiative.ca\/International\/wp-content\/uploads\/sites\/23\/2022\/01\/patrice-motsepe-1.jpg\" class=\"attachment-post-thumbnail size-post-thumbnail wp-post-image\" alt=\"Patrice Motsepe \u00e0 l\u2019office religieux du dimanche 16 janvier 2022. journalducameroun.com\" loading=\"lazy\" srcset=\"https:\/\/linitiative.ca\/International\/wp-content\/uploads\/sites\/23\/2022\/01\/patrice-motsepe-1.jpg 900w, https:\/\/www.journalducameroun.com\/wp-content\/uploads\/2022\/01\/patrice-motsepe-1-300x150.jpg 300w, https:\/\/www.journalducameroun.com\/wp-content\/uploads\/2022\/01\/patrice-motsepe-1-768x384.jpg 768w, https:\/\/www.journalducameroun.com\/wp-content\/uploads\/2022\/01\/patrice-motsepe-1-880x440.jpg 880w, https:\/\/www.journalducameroun.com\/wp-content\/uploads\/2022\/01\/patrice-motsepe-1-600x300.jpg 600w\" sizes=\"auto, (max-width: 900px) 100vw, 900px\"><\/p>\n<p style=\"margin-top: 0cm; text-align: justify;\"><span style=\"font-size: 14.0pt; font-family: 'Garamond',serif;\"><strong>Patrice Motsepe a particip\u00e9 \u00e0 l\u2019office religieux du \u00a0dimanche 16 janvier 2022, \u00a0\u00e0 la paroisse Saint Joseph anglophone de Mvog-Ada dans la ville de Yaound\u00e9. C\u2019est au cours de cette c\u00e9l\u00e9bration, \u00a0que le patron de l\u2019instance faiti\u00e8re du football africain fait le don via sa fondation.<\/strong> <\/span><\/p>\n<p>\u00a0<\/p>\n<p style=\"margin-top: 0cm; text-align: justify;\"><span style=\"font-size: 14.0pt; font-family: 'Garamond',serif;\">Le montant global de ce don s\u2019\u00e9l\u00e8ve \u00e0 200000 dollars am\u00e9ricains, \u00a0soit pr\u00e8s de \u00a0115 millions en Fcfa, au nom de la fondation qui porte son nom.\u00a0 Le pr\u00e9sident de la CAF \u00e9tait accompagn\u00e9 \u00e0 cet office religieuse par \u00a0le secr\u00e9taire g\u00e9n\u00e9ral de la Conf\u00e9d\u00e9ration, Veron\u00a0Mosengo-Omba. <\/span><\/p>\n<p style=\"margin-top: 0cm; text-align: justify;\"><span style=\"font-size: 14.0pt; font-family: 'Garamond',serif;\"><strong>Patrice Motsepe<\/strong> est arriv\u00e9 au Cameroun le 07 janvier 2022, dans le cadre de la \u00a033<sup>\u00e8me<\/sup> \u00a0\u00a0\u00e9dition \u00a0de la coupe d\u2019Afrique des Nations. Le num\u00e9ro un de la CAF a pris part au match d\u2019ouverture au c\u00f4t\u00e9 du pr\u00e9sident de la r\u00e9publique du Cameroun Paul Biya, le 09 janvier 2022 au <strong>stade d\u2019Olemb\u00e9<\/strong> \u00e0 Yaound\u00e9. \u00a0<\/span><\/p>\n<p style=\"margin-top: 0cm; text-align: justify;\"><span style=\"font-size: 14.0pt; font-family: 'Garamond',serif;\">Passionn\u00e9 de football,\u00a0\u00a0l\u2019homme d\u2019affaires\u00a0Sud- africain, \u00e2g\u00e9 de 59 ans a \u00e9t\u00e9 \u00a0\u00e9lu \u00e0 la t\u00eate de la CAF en Mars 2021. \u00a0Selon le dernier classement du magazine <em>\u00ab\u00a0Forbes\u00a0\u00bb<\/em>, Patrice Motsepe, est \u00a0class\u00e9 neuvi\u00e8me fortune d\u2019Afrique, \u00a0avec un patrimoine estim\u00e9 \u00e0 trois milliards de dollars.<\/span><\/p>\n<p>Cet article <a rel=\"nofollow\" href=\"https:\/\/www.journalducameroun.com\/cameroun-le-president-de-la-caf-offre-pres-de-115-millions-de-fcfa-a-leglise-catholique-romaine\/\">Cameroun : le pr\u00e9sident de la CAF offre pr\u00e8s de 115 millions de Fcfa \u00e0 l\u2019\u00e9glise catholique romaine<\/a> est apparu en premier sur <a rel=\"nofollow\" href=\"https:\/\/www.journalducameroun.com\/\">Journal du Cameroun<\/a>.<\/p>\n<\/div>\n<p>Auteur: Florine MOUANO<br \/>\n<a href=\"https:\/\/www.journalducameroun.com\/cameroun-le-president-de-la-caf-offre-pres-de-115-millions-de-fcfa-a-leglise-catholique-romaine\/\">Cliquez ici pour lire l&rsquo;article depuis sa source.<\/a><\/p>\n","protected":false},"excerpt":{"rendered":"<p>Patrice Motsepe a particip\u00e9 \u00e0 l\u2019office religieux du \u00a0dimanche 16 janvier 2022, \u00a0\u00e0 la paroisse Saint Joseph anglophone de Mvog-Ada dans la ville de Yaound\u00e9. C\u2019est au cours de cette c\u00e9l\u00e9bration, \u00a0que le patron de l\u2019instance faiti\u00e8re du football africain fait le don via sa fondation. \u00a0 Le montant global de ce don s\u2019\u00e9l\u00e8ve \u00e0 [&hellip;]<\/p>\n","protected":false},"author":1965,"featured_media":0,"comment_status":"closed","ping_status":"closed","sticky":false,"template":"","format":"standard","meta":{"fifu_image_url":"https:\/\/www.journalducameroun.com\/wp-content\/uploads\/2022\/01\/patrice-motsepe-1.jpg","fifu_image_alt":"Cameroun : le pr\u00e9sident de la CAF offre pr\u00e8s de 115 millions de Fcfa \u00e0 l\u2019\u00e9glise catholique romaine","footnotes":""},"categories":[73,82],"tags":[],"class_list":["post-138761","post","type-post","status-publish","format-standard","hentry","category-actualite","category-cameroun"],"_links":{"self":[{"href":"https:\/\/linitiative.ca\/International\/wp-json\/wp\/v2\/posts\/138761","targetHints":{"allow":["GET"]}}],"collection":[{"href":"https:\/\/linitiative.ca\/International\/wp-json\/wp\/v2\/posts"}],"about":[{"href":"https:\/\/linitiative.ca\/International\/wp-json\/wp\/v2\/types\/post"}],"author":[{"embeddable":true,"href":"https:\/\/linitiative.ca\/International\/wp-json\/wp\/v2\/users\/1965"}],"replies":[{"embeddable":true,"href":"https:\/\/linitiative.ca\/International\/wp-json\/wp\/v2\/comments?post=138761"}],"version-history":[{"count":0,"href":"https:\/\/linitiative.ca\/International\/wp-json\/wp\/v2\/posts\/138761\/revisions"}],"wp:attachment":[{"href":"https:\/\/linitiative.ca\/International\/wp-json\/wp\/v2\/media?parent=138761"}],"wp:term":[{"taxonomy":"category","embeddable":true,"href":"https:\/\/linitiative.ca\/International\/wp-json\/wp\/v2\/categories?post=138761"},{"taxonomy":"post_tag","embeddable":true,"href":"https:\/\/linitiative.ca\/International\/wp-json\/wp\/v2\/tags?post=138761"}],"curies":[{"name":"wp","href":"https:\/\/api.w.org\/{rel}","templated":true}]}}