{"id":138766,"date":"2022-01-17T15:18:03","date_gmt":"2022-01-17T20:18:03","guid":{"rendered":"https:\/\/linitiative.ca\/International\/treve-sociale-anne-ouloto-invite-les-syndicats-a-privilegier-le-dialogue\/"},"modified":"2022-01-17T15:18:03","modified_gmt":"2022-01-17T20:18:03","slug":"treve-sociale-anne-ouloto-invite-les-syndicats-a-privilegier-le-dialogue","status":"publish","type":"post","link":"https:\/\/linitiative.ca\/International\/treve-sociale-anne-ouloto-invite-les-syndicats-a-privilegier-le-dialogue\/","title":{"rendered":"Tr\u00eave sociale: Anne Ouloto invite les syndicats \u00e0 \u00ab\u00a0privil\u00e9gier le dialogue\u00a0\u00bb"},"content":{"rendered":"<div>\n<p><img decoding=\"async\" width=\"940\" height=\"687\" src=\"https:\/\/linitiative.ca\/International\/wp-content\/uploads\/sites\/23\/2022\/01\/16424506831627.jpg\" class=\"attachment-post-thumbnail size-post-thumbnail wp-post-image\" alt=\"\" loading=\"lazy\" srcset=\"https:\/\/linitiative.ca\/International\/wp-content\/uploads\/sites\/23\/2022\/01\/16424506831627.jpg 940w, https:\/\/www.journalducameroun.com\/wp-content\/uploads\/2022\/01\/16424506831627-300x219.jpg 300w, https:\/\/www.journalducameroun.com\/wp-content\/uploads\/2022\/01\/16424506831627-768x561.jpg 768w, https:\/\/www.journalducameroun.com\/wp-content\/uploads\/2022\/01\/16424506831627-602x440.jpg 602w, https:\/\/www.journalducameroun.com\/wp-content\/uploads\/2022\/01\/16424506831627-600x439.jpg 600w\" sizes=\"auto, (max-width: 940px) 100vw, 940px\"><\/p>\n<p>Le ministre ivoirien de la Fonction publique et de la modernisation de l&rsquo;administration, Anne Ouloto, a invit\u00e9 lundi les syndicats des fonctionnaires \u00e0 \u00ab\u00a0privil\u00e9gier le dialogue\u00a0\u00bb, \u00e0 quelques mois de la fin de la tr\u00eave sociale sign\u00e9e avec l&rsquo;Etat.<\/p>\n<p>\u00ab\u00a0J&rsquo;exhorte tous les responsables syndicaux \u00e0 privil\u00e9gier le dialogue serein et sinc\u00e8re\u00a0\u00bb, a lanc\u00e9 Mme Anne Ouloto \u00e0 l&rsquo;occasion de la rentr\u00e9e solennelle 2022 de son d\u00e9partement minist\u00e9riel, tenue \u00e0 l&rsquo;Ecole normale d&rsquo;administration (ENA).\u00a0<\/p>\n<p>Le ministre de la Fonction publique et de la modernisation de l&rsquo;administration, Anne Ouloto, a dit avoir \u00ab\u00a0conscience des enjeux et des d\u00e9fis \u00e0 traiter avant la fin proche de la tr\u00eave sociale conclue le 17 ao\u00fbt 2017\u00a0\u00bb, assurant y prendre toutes ses responsabilit\u00e9s.\u00a0<\/p>\n<p>D\u00e9j\u00e0, quelques syndicats de fonctionnaires ont donn\u00e9 de la voix pour soulever des pr\u00e9occupations que le gouvernement souhaiterait planifier avec les organisations syndicales selon les ressources de l&rsquo;Etat. \u00a0 \u00a0 \u00a0\u00a0<\/p>\n<p>Elle a saisi l&rsquo;opportunit\u00e9 de cette tribune pour appeler les organisations syndicales de la Fonction publique et de l&rsquo;administration publique ivoirienne, \u00e0 \u00ab\u00a0y prendre activement leurs parts\u00a0\u00bb. \u00a0<\/p>\n<p>\u00ab\u00a0Je leur demande, dans l&rsquo;int\u00e9r\u00eat g\u00e9n\u00e9ral, de pr\u00e9server la continuit\u00e9 du service public et la paix sociale\u00a0\u00bb, a-t-elle lanc\u00e9, ajoutant que \u00ab\u00a0tous les sujets de pr\u00e9occupations seront discut\u00e9s ; et ensemble, dans de bonnes dispositions d&rsquo;esprit, nous nous accorderons assur\u00e9ment sur les mesures \u00e0 envisager\u00a0\u00bb.<\/p>\n<p>Lors de cette rentr\u00e9e minist\u00e9rielle pour l&rsquo;exercice 2022, \u00e9tait pr\u00e9sent le secr\u00e9taire d&rsquo;Etat aupr\u00e8s du ministre de la Fonction publique et de la modernisation de l&rsquo;administration, charg\u00e9 de la modernisation de l&rsquo;administration, Brice Kouassi.<\/p>\n<p>\u00a0\u00c9voquant les orientations strat\u00e9giques \u00e0 mener, Mme Anne Ouloto, a d\u00e9clar\u00e9 que \u00ab\u00a0toutes nos actions devront s&rsquo;ex\u00e9cuter dans le strict respect des proc\u00e9dures, avec c\u00e9l\u00e9rit\u00e9, transparence et efficacit\u00e9\u00a0\u00bb.<\/p>\n<p>\u00ab\u00a0Elles devront s&rsquo;inscrire dans une d\u00e9marche qualit\u00e9, et observer les valeurs d&rsquo;int\u00e9grit\u00e9, d&rsquo;\u00e9quit\u00e9, de responsabilit\u00e9 et de redevabilit\u00e9\u00a0\u00bb, a-t-elle soulign\u00e9, avant d&rsquo;instruire le Comit\u00e9 \u00e9thique, \u00e0 d\u00e9velopper un plan visant \u00e0 promouvoir les valeurs \u00e9thiques et professionnelles.\u00a0<\/p>\n<p>\u00ab\u00a0J&rsquo;invite \u00e9galement, l&rsquo;Inspection G\u00e9n\u00e9rale, \u00e0 intensifier le contr\u00f4le du fonctionnement et le respect des r\u00e8gles de gestion administrative et financi\u00e8re de l&rsquo;ensemble des services du minist\u00e8re\u00a0\u00bb, a-t-elle poursuivi.\u00a0<\/p>\n<p>Selon un bilan 2021 \u00e9grain\u00e9 par le directeur de Cabinet du minist\u00e8re, Mme Nass\u00e9r\u00e9 Kaba, le taux de satisfaction de l&rsquo;administration publique aupr\u00e8s des usagers est de 82%, une performance salu\u00e9e par le ministre de la Fonction publique.<\/p>\n<p>A l&rsquo;occasion de cette rentr\u00e9e solennelle du minist\u00e8re, Mme Anne Ouloto a remis une lettre de mission aux directeurs centraux avec des indicateurs pr\u00e9cis et des d\u00e9lais des t\u00e2ches \u00e0 r\u00e9aliser au cours de l&rsquo;exercice 2022.<\/p>\n<p>Cet article <a rel=\"nofollow\" href=\"https:\/\/www.journalducameroun.com\/treve-sociale-anne-ouloto-invite-les-syndicats-a-privilegier-le-dialogue\/\">Tr\u00eave sociale: Anne Ouloto invite les syndicats \u00e0 \u00ab\u00a0privil\u00e9gier le dialogue\u00a0\u00bb<\/a> est apparu en premier sur <a rel=\"nofollow\" href=\"https:\/\/www.journalducameroun.com\/\">Journal du Cameroun<\/a>.<\/p>\n<\/div>\n<p>Auteur: APA News<br \/>\n<a href=\"https:\/\/www.journalducameroun.com\/treve-sociale-anne-ouloto-invite-les-syndicats-a-privilegier-le-dialogue\/\">Cliquez ici pour lire l&rsquo;article depuis sa source.<\/a><\/p>\n","protected":false},"excerpt":{"rendered":"<p>Le ministre ivoirien de la Fonction publique et de la modernisation de l&rsquo;administration, Anne Ouloto, a invit\u00e9 lundi les syndicats des fonctionnaires \u00e0 \u00ab\u00a0privil\u00e9gier le dialogue\u00a0\u00bb, \u00e0 quelques mois de la fin de la tr\u00eave sociale sign\u00e9e avec l&rsquo;Etat. \u00ab\u00a0J&rsquo;exhorte tous les responsables syndicaux \u00e0 privil\u00e9gier le dialogue serein et sinc\u00e8re\u00a0\u00bb, a lanc\u00e9 Mme Anne [&hellip;]<\/p>\n","protected":false},"author":1965,"featured_media":0,"comment_status":"closed","ping_status":"closed","sticky":false,"template":"","format":"standard","meta":{"fifu_image_url":"https:\/\/www.journalducameroun.com\/wp-content\/uploads\/2022\/01\/16424506831627.jpg","fifu_image_alt":"Tr\u00eave sociale: Anne Ouloto invite les syndicats \u00e0 \u00ab\u00a0privil\u00e9gier le dialogue\u00a0\u00bb","footnotes":""},"categories":[73,82],"tags":[],"class_list":["post-138766","post","type-post","status-publish","format-standard","hentry","category-actualite","category-cameroun"],"_links":{"self":[{"href":"https:\/\/linitiative.ca\/International\/wp-json\/wp\/v2\/posts\/138766","targetHints":{"allow":["GET"]}}],"collection":[{"href":"https:\/\/linitiative.ca\/International\/wp-json\/wp\/v2\/posts"}],"about":[{"href":"https:\/\/linitiative.ca\/International\/wp-json\/wp\/v2\/types\/post"}],"author":[{"embeddable":true,"href":"https:\/\/linitiative.ca\/International\/wp-json\/wp\/v2\/users\/1965"}],"replies":[{"embeddable":true,"href":"https:\/\/linitiative.ca\/International\/wp-json\/wp\/v2\/comments?post=138766"}],"version-history":[{"count":0,"href":"https:\/\/linitiative.ca\/International\/wp-json\/wp\/v2\/posts\/138766\/revisions"}],"wp:attachment":[{"href":"https:\/\/linitiative.ca\/International\/wp-json\/wp\/v2\/media?parent=138766"}],"wp:term":[{"taxonomy":"category","embeddable":true,"href":"https:\/\/linitiative.ca\/International\/wp-json\/wp\/v2\/categories?post=138766"},{"taxonomy":"post_tag","embeddable":true,"href":"https:\/\/linitiative.ca\/International\/wp-json\/wp\/v2\/tags?post=138766"}],"curies":[{"name":"wp","href":"https:\/\/api.w.org\/{rel}","templated":true}]}}