{"id":138768,"date":"2022-01-17T15:18:04","date_gmt":"2022-01-17T20:18:04","guid":{"rendered":"https:\/\/linitiative.ca\/International\/attaque-contre-le-territoire-des-emirats-le-roi-mohammed-vi-condamne-vigoureusement-cet-acte-abject\/"},"modified":"2022-01-17T15:18:04","modified_gmt":"2022-01-17T20:18:04","slug":"attaque-contre-le-territoire-des-emirats-le-roi-mohammed-vi-condamne-vigoureusement-cet-acte-abject","status":"publish","type":"post","link":"https:\/\/linitiative.ca\/International\/attaque-contre-le-territoire-des-emirats-le-roi-mohammed-vi-condamne-vigoureusement-cet-acte-abject\/","title":{"rendered":"Attaque contre le territoire des Emirats : Le Roi Mohammed VI condamne vigoureusement cet acte abject"},"content":{"rendered":"<div>\n<p><img decoding=\"async\" width=\"780\" height=\"468\" src=\"https:\/\/linitiative.ca\/International\/wp-content\/uploads\/sites\/23\/2022\/01\/16424506847438.jpg\" class=\"attachment-post-thumbnail size-post-thumbnail wp-post-image\" alt=\"\" loading=\"lazy\" srcset=\"https:\/\/linitiative.ca\/International\/wp-content\/uploads\/sites\/23\/2022\/01\/16424506847438.jpg 780w, https:\/\/www.journalducameroun.com\/wp-content\/uploads\/2022\/01\/16424506847438-300x180.jpg 300w, https:\/\/www.journalducameroun.com\/wp-content\/uploads\/2022\/01\/16424506847438-768x461.jpg 768w, https:\/\/www.journalducameroun.com\/wp-content\/uploads\/2022\/01\/16424506847438-733x440.jpg 733w, https:\/\/www.journalducameroun.com\/wp-content\/uploads\/2022\/01\/16424506847438-600x360.jpg 600w\" sizes=\"auto, (max-width: 780px) 100vw, 780px\"><\/p>\n<p>Le Roi Mohammed VI s&rsquo;est entretenu, lundi au t\u00e9l\u00e9phone avec Cheikh Mohamed Ben Zayed Al Nahyane, Prince H\u00e9ritier d&rsquo;Abu Dhabi et vice-commandant supr\u00eame des Forces Arm\u00e9es \u00e9miraties, suite de l&rsquo;attaque ignoble perp\u00e9tr\u00e9e par les houthis contre le territoire des Emirats Arabes Unis.Lors de cet entretien, le Souverain marocain a condamn\u00e9 \u00ab vigoureusement \u00bb l&rsquo;attaque ignoble perp\u00e9tr\u00e9e par la milice houthie et ses soutiens contre le territoire des Emirats Arabes Unis, indique un communiqu\u00e9 du Cabinet royal.<\/p>\n<p>Le Souverain a pr\u00e9sent\u00e9, \u00e0 cette occasion, ses sinc\u00e8res condol\u00e9ances aux autorit\u00e9s et au peuple \u00e9miratis pour les pertes humaines, et ses souhaits de prompt r\u00e9tablissement aux bless\u00e9s, ajoute la m\u00eame source.<\/p>\n<p>Il a r\u00e9it\u00e9r\u00e9 l&rsquo;appui ferme du Maroc \u00e0 \u00ab toutes les mesures prises par les Emirats Arabes Unis pour d\u00e9fendre leur territoire et la qui\u00e9tude de leur population face aux attaques ignobles de la milice houthie et ses soutiens \u00bb.<\/p>\n<p>\u00ab Dans le cadre de la tradition de solidarit\u00e9 constante et agissante entre les deux pays fr\u00e8res, Sa Majest\u00e9 le Roi Mohammed VI a assur\u00e9 SA Cheikh Mohamed Ben Zayed Al Nahyane que le Royaume se tiendra toujours aux c\u00f4t\u00e9s des Emirats Arabes Unis et apportera toutes les formes de soutien \u00e0 ce pays fr\u00e8re pour la d\u00e9fense de sa s\u00e9curit\u00e9 nationale et la protection de ses citoyens \u00bb, conclut le communiqu\u00e9.<\/p>\n<p>Cet article <a rel=\"nofollow\" href=\"https:\/\/www.journalducameroun.com\/attaque-contre-le-territoire-des-emirats-le-roi-mohammed-vi-condamne-vigoureusement-cet-acte-abject\/\">Attaque contre le territoire des Emirats : Le Roi Mohammed VI condamne vigoureusement cet acte abject<\/a> est apparu en premier sur <a rel=\"nofollow\" href=\"https:\/\/www.journalducameroun.com\/\">Journal du Cameroun<\/a>.<\/p>\n<\/div>\n<p>Auteur: APA News<br \/>\n<a href=\"https:\/\/www.journalducameroun.com\/attaque-contre-le-territoire-des-emirats-le-roi-mohammed-vi-condamne-vigoureusement-cet-acte-abject\/\">Cliquez ici pour lire l&rsquo;article depuis sa source.<\/a><\/p>\n","protected":false},"excerpt":{"rendered":"<p>Le Roi Mohammed VI s&rsquo;est entretenu, lundi au t\u00e9l\u00e9phone avec Cheikh Mohamed Ben Zayed Al Nahyane, Prince H\u00e9ritier d&rsquo;Abu Dhabi et vice-commandant supr\u00eame des Forces Arm\u00e9es \u00e9miraties, suite de l&rsquo;attaque ignoble perp\u00e9tr\u00e9e par les houthis contre le territoire des Emirats Arabes Unis.Lors de cet entretien, le Souverain marocain a condamn\u00e9 \u00ab vigoureusement \u00bb l&rsquo;attaque ignoble [&hellip;]<\/p>\n","protected":false},"author":1965,"featured_media":0,"comment_status":"closed","ping_status":"closed","sticky":false,"template":"","format":"standard","meta":{"fifu_image_url":"https:\/\/www.journalducameroun.com\/wp-content\/uploads\/2022\/01\/16424506847438.jpg","fifu_image_alt":"Attaque contre le territoire des Emirats : Le Roi Mohammed VI condamne vigoureusement cet acte abject","footnotes":""},"categories":[73,82],"tags":[],"class_list":["post-138768","post","type-post","status-publish","format-standard","hentry","category-actualite","category-cameroun"],"_links":{"self":[{"href":"https:\/\/linitiative.ca\/International\/wp-json\/wp\/v2\/posts\/138768","targetHints":{"allow":["GET"]}}],"collection":[{"href":"https:\/\/linitiative.ca\/International\/wp-json\/wp\/v2\/posts"}],"about":[{"href":"https:\/\/linitiative.ca\/International\/wp-json\/wp\/v2\/types\/post"}],"author":[{"embeddable":true,"href":"https:\/\/linitiative.ca\/International\/wp-json\/wp\/v2\/users\/1965"}],"replies":[{"embeddable":true,"href":"https:\/\/linitiative.ca\/International\/wp-json\/wp\/v2\/comments?post=138768"}],"version-history":[{"count":0,"href":"https:\/\/linitiative.ca\/International\/wp-json\/wp\/v2\/posts\/138768\/revisions"}],"wp:attachment":[{"href":"https:\/\/linitiative.ca\/International\/wp-json\/wp\/v2\/media?parent=138768"}],"wp:term":[{"taxonomy":"category","embeddable":true,"href":"https:\/\/linitiative.ca\/International\/wp-json\/wp\/v2\/categories?post=138768"},{"taxonomy":"post_tag","embeddable":true,"href":"https:\/\/linitiative.ca\/International\/wp-json\/wp\/v2\/tags?post=138768"}],"curies":[{"name":"wp","href":"https:\/\/api.w.org\/{rel}","templated":true}]}}