{"id":138770,"date":"2022-01-17T07:44:33","date_gmt":"2022-01-17T12:44:33","guid":{"rendered":"https:\/\/linitiative.ca\/International\/conseil-regional-du-sud-60-millions-de-fcfa-pour-lachat-des-rideaux\/"},"modified":"2022-01-17T07:44:33","modified_gmt":"2022-01-17T12:44:33","slug":"conseil-regional-du-sud-60-millions-de-fcfa-pour-lachat-des-rideaux","status":"publish","type":"post","link":"https:\/\/linitiative.ca\/International\/conseil-regional-du-sud-60-millions-de-fcfa-pour-lachat-des-rideaux\/","title":{"rendered":"Conseil r\u00e9gional du Sud : 60 millions de FCFA pour l\u2019achat des rideaux"},"content":{"rendered":"<div>\n<p>Le Conseil r\u00e9gional du Sud va d\u00e9bourser 60 millions Fcfa sur son budget d\u2019investissement de 2022 pour l\u2019achat et l\u2019installation des rideaux dans les bureaux de ses responsables. L\u2019appel d\u2019offres national ouvert en proc\u00e9dure d\u2019urgence, publi\u00e9 sur le site de l\u2019Agence de r\u00e9gulation des march\u00e9s publics (Armp), fait l\u2019objet de vives critiques sur les r\u00e9seaux sociaux, notamment Twitter et Facebook. \u00ab\u00a0L\u2019argent de nos imp\u00f4ts\u00a0! On presse le citoyen comme une orange pour ensuite dilapider les deniers publics dans des futilit\u00e9s\u00a0\u00bb\u00a0; \u00ab\u00a0Rideaux c\u2019est un code pour autre chose ou juste ces tissus qui servent \u00e0 adoucir la lumi\u00e8re dans une pi\u00e8ce\u00a0? Allez m\u00eame voir le fameux b\u00e2timent \u00e0 habiller, un deux \u00e9tages\u00a0\u00bb\u00a0; Tu fais comment pour acheter les rideaux de 10 millions Fcfa\u00a0?\u00a0\u00bb\u00a0; \u00ab\u00a0Moi je dis qu\u2019il s\u2019agit peut-\u00eatre de rideaux m\u00e9talliques\u00a0\u00bb, \u00e9crivent des internautes sur Twitter.<\/p>\n<p>Nos tentatives en vue d\u2019obtenir les contours de ce march\u00e9 apr\u00e8s des responsables de cette institution ont \u00e9t\u00e9 vaines. Il est \u00e0 noter que pour leur installation, les conseils r\u00e9gionaux mis en place fin 2020 ont re\u00e7u chacun une enveloppe de 3 milliards en 2021, soit un montant global de 30 milliards Fcfa. L\u2019on devrait \u00eatre dans la m\u00eame fourchette en 2022. Ce n\u2019est pas la premi\u00e8re fois qu\u2019un march\u00e9 relatif \u00e0 l\u2019achat de rideaux fait pol\u00e9mique au Cameroun. L\u2019an dernier, il y a eu une lev\u00e9e de boucliers dans l\u2019opinion pour d\u00e9noncer un appel d\u2019offres publi\u00e9 par la m\u00eame Agence de r\u00e9gulation des march\u00e9s publics, relatif \u00e0 l\u2019achat de rideaux destin\u00e9s au cabinet de la ministre de la Recherche scientifique et de l\u2019Innovation (Minresi), Madeleine Tchuinte. Montant de la prestation\u00a0: 15 millions Fcfa.\u00a0\u00a0<\/p>\n<p><em><strong>Jean omer Eyango\u00a0<\/strong><\/em><\/p>\n<p>L\u2019article <a rel=\"nofollow\" href=\"https:\/\/ecomatin.net\/conseil-regional-du-sud-60-millions-de-fcfa-pour-lachat-des-rideaux\/\">Conseil r\u00e9gional du Sud : 60 millions de FCFA pour l\u2019achat des rideaux<\/a> est apparu en premier sur <a rel=\"nofollow\" href=\"https:\/\/ecomatin.net\/\">EcoMatin<\/a>.<\/p>\n<\/div>\n<p>Auteur: EcoMatin<br \/>\n<a href=\"https:\/\/ecomatin.net\/conseil-regional-du-sud-60-millions-de-fcfa-pour-lachat-des-rideaux\/\">Cliquez ici pour lire l&rsquo;article depuis sa source.<\/a><\/p>\n","protected":false},"excerpt":{"rendered":"<p>Le Conseil r\u00e9gional du Sud va d\u00e9bourser 60 millions Fcfa sur son budget d\u2019investissement de 2022 pour l\u2019achat et l\u2019installation des rideaux dans les bureaux de ses responsables. L\u2019appel d\u2019offres national ouvert en proc\u00e9dure d\u2019urgence, publi\u00e9 sur le site de l\u2019Agence de r\u00e9gulation des march\u00e9s publics (Armp), fait l\u2019objet de vives critiques sur les r\u00e9seaux [&hellip;]<\/p>\n","protected":false},"author":1969,"featured_media":0,"comment_status":"closed","ping_status":"closed","sticky":false,"template":"","format":"standard","meta":{"fifu_image_url":"","fifu_image_alt":"","footnotes":""},"categories":[82,78],"tags":[],"class_list":["post-138770","post","type-post","status-publish","format-standard","hentry","category-cameroun","category-economie"],"_links":{"self":[{"href":"https:\/\/linitiative.ca\/International\/wp-json\/wp\/v2\/posts\/138770","targetHints":{"allow":["GET"]}}],"collection":[{"href":"https:\/\/linitiative.ca\/International\/wp-json\/wp\/v2\/posts"}],"about":[{"href":"https:\/\/linitiative.ca\/International\/wp-json\/wp\/v2\/types\/post"}],"author":[{"embeddable":true,"href":"https:\/\/linitiative.ca\/International\/wp-json\/wp\/v2\/users\/1969"}],"replies":[{"embeddable":true,"href":"https:\/\/linitiative.ca\/International\/wp-json\/wp\/v2\/comments?post=138770"}],"version-history":[{"count":0,"href":"https:\/\/linitiative.ca\/International\/wp-json\/wp\/v2\/posts\/138770\/revisions"}],"wp:attachment":[{"href":"https:\/\/linitiative.ca\/International\/wp-json\/wp\/v2\/media?parent=138770"}],"wp:term":[{"taxonomy":"category","embeddable":true,"href":"https:\/\/linitiative.ca\/International\/wp-json\/wp\/v2\/categories?post=138770"},{"taxonomy":"post_tag","embeddable":true,"href":"https:\/\/linitiative.ca\/International\/wp-json\/wp\/v2\/tags?post=138770"}],"curies":[{"name":"wp","href":"https:\/\/api.w.org\/{rel}","templated":true}]}}