{"id":138772,"date":"2022-01-17T08:39:56","date_gmt":"2022-01-17T13:39:56","guid":{"rendered":"https:\/\/linitiative.ca\/International\/can-2021-les-stars-du-senegal-aptes-pour-affronter-le-malawi\/"},"modified":"2022-01-17T08:39:56","modified_gmt":"2022-01-17T13:39:56","slug":"can-2021-les-stars-du-senegal-aptes-pour-affronter-le-malawi","status":"publish","type":"post","link":"https:\/\/linitiative.ca\/International\/can-2021-les-stars-du-senegal-aptes-pour-affronter-le-malawi\/","title":{"rendered":"CAN 2021 : les stars du S\u00e9n\u00e9gal aptes pour affronter le Malawi"},"content":{"rendered":"<div>\n<p>Aliou Ciss\u00e9 est apparu tr\u00e8s d\u00e9contract\u00e9 et soulag\u00e9 ce lundi 17 janvier en conf\u00e9rence d\u2019avant-match. C\u2019est que, l\u2019une des situations qui tracassait le s\u00e9lectionneur des Lions de la Teranga depuis le d\u00e9but de la 33\u00e8me Coupe d\u2019Afrique des nations, a trouv\u00e9. En effet, tous les joueurs jusque-l\u00e0 \u00e0 l\u2019\u00e9cart du groupe \u00e0 cause du Covid-19, l\u2019ont rejoint apr\u00e8s de nouveaux tests PCR n\u00e9gatifs. Il s\u2019agit notamment d\u2019\u00c9douard Mendy, de Kalidou Koulibaly, d\u2019Idrisssa Gana Gueye\u2026<\/p>\n<p><strong>Lire aussi : <a href=\"https:\/\/ecomatin.net\/can-2021-titi-camara-devoile-ses-favoris\/\">Can 2021 : Titi Camara d\u00e9voile ses favoris<\/a><\/strong><\/p>\n<p>\u00a0\u00bbC\u2019est tr\u00e8s bien de savoir qu\u2019on a son groupe au complet. Cela nous donne l\u2019opportunit\u00e9 de pouvoir faire des choix\u00a0\u00bb, a confi\u00e9 Aliou Ciss\u00e9.<\/p>\n<p>En vue du match de demain contre le Malawi, comptant pour la 3\u00e8me journ\u00e9e du Groupe \u00a0\u00bbB\u00a0\u00bb de cette Can, plusieurs changements par rapport aux effectifs des pr\u00e9c\u00e9dentes rencontres pourraient \u00eatre op\u00e9r\u00e9s. A commencer par le poste des gardiens de but o\u00f9 \u00c9douard Mendy pour renvoyer Seny Dieng sur le banc de touche.<\/p>\n<p><strong>Ga\u00ebl Tadj, \u00e0 Bangou<\/strong><\/p>\n<p>L\u2019article <a rel=\"nofollow\" href=\"https:\/\/ecomatin.net\/can-2021-les-stars-du-senegal-aptes-s-pour-affronter-le-malawi\/\">CAN 2021 : les stars du S\u00e9n\u00e9gal aptes pour affronter le Malawi<\/a> est apparu en premier sur <a rel=\"nofollow\" href=\"https:\/\/ecomatin.net\/\">EcoMatin<\/a>.<\/p>\n<\/div>\n<p>Auteur: EcoMatin<br \/>\n<a href=\"https:\/\/ecomatin.net\/can-2021-les-stars-du-senegal-aptes-s-pour-affronter-le-malawi\/\">Cliquez ici pour lire l&rsquo;article depuis sa source.<\/a><\/p>\n","protected":false},"excerpt":{"rendered":"<p>Aliou Ciss\u00e9 est apparu tr\u00e8s d\u00e9contract\u00e9 et soulag\u00e9 ce lundi 17 janvier en conf\u00e9rence d\u2019avant-match. C\u2019est que, l\u2019une des situations qui tracassait le s\u00e9lectionneur des Lions de la Teranga depuis le d\u00e9but de la 33\u00e8me Coupe d\u2019Afrique des nations, a trouv\u00e9. En effet, tous les joueurs jusque-l\u00e0 \u00e0 l\u2019\u00e9cart du groupe \u00e0 cause du Covid-19, [&hellip;]<\/p>\n","protected":false},"author":1969,"featured_media":0,"comment_status":"closed","ping_status":"closed","sticky":false,"template":"","format":"standard","meta":{"fifu_image_url":"","fifu_image_alt":"","footnotes":""},"categories":[82,78],"tags":[],"class_list":["post-138772","post","type-post","status-publish","format-standard","hentry","category-cameroun","category-economie"],"_links":{"self":[{"href":"https:\/\/linitiative.ca\/International\/wp-json\/wp\/v2\/posts\/138772","targetHints":{"allow":["GET"]}}],"collection":[{"href":"https:\/\/linitiative.ca\/International\/wp-json\/wp\/v2\/posts"}],"about":[{"href":"https:\/\/linitiative.ca\/International\/wp-json\/wp\/v2\/types\/post"}],"author":[{"embeddable":true,"href":"https:\/\/linitiative.ca\/International\/wp-json\/wp\/v2\/users\/1969"}],"replies":[{"embeddable":true,"href":"https:\/\/linitiative.ca\/International\/wp-json\/wp\/v2\/comments?post=138772"}],"version-history":[{"count":0,"href":"https:\/\/linitiative.ca\/International\/wp-json\/wp\/v2\/posts\/138772\/revisions"}],"wp:attachment":[{"href":"https:\/\/linitiative.ca\/International\/wp-json\/wp\/v2\/media?parent=138772"}],"wp:term":[{"taxonomy":"category","embeddable":true,"href":"https:\/\/linitiative.ca\/International\/wp-json\/wp\/v2\/categories?post=138772"},{"taxonomy":"post_tag","embeddable":true,"href":"https:\/\/linitiative.ca\/International\/wp-json\/wp\/v2\/tags?post=138772"}],"curies":[{"name":"wp","href":"https:\/\/api.w.org\/{rel}","templated":true}]}}