{"id":138793,"date":"2022-01-17T13:00:00","date_gmt":"2022-01-17T18:00:00","guid":{"rendered":"https:\/\/linitiative.ca\/International\/les-temps-des-activites-professionnelle-et-scolaire-reduites-pour-attirer-les-spectateurs\/"},"modified":"2022-01-17T13:00:00","modified_gmt":"2022-01-17T18:00:00","slug":"les-temps-des-activites-professionnelle-et-scolaire-reduites-pour-attirer-les-spectateurs","status":"publish","type":"post","link":"https:\/\/linitiative.ca\/International\/les-temps-des-activites-professionnelle-et-scolaire-reduites-pour-attirer-les-spectateurs\/","title":{"rendered":"Les temps des activit\u00e9s professionnelle et scolaire r\u00e9duites pour attirer les spectateurs"},"content":{"rendered":"<div>\n<p class=\"has-text-align-center has-vivid-red-color has-text-color\"><strong>Cameroun \u2013 CAN2021<\/strong><\/p>\n<p class=\"has-black-color has-text-color\"><strong>Les autorit\u00e9s du Cameroun ont d\u00e9cid\u00e9 de r\u00e9duire les temps des activit\u00e9s professionnelle, scolaire et acad\u00e9mique pendant les jours de la 33-\u00e8me \u00e9dition de la Coupe d\u2019Afrique des nations (CAN 2021) pour augmenter les spectateurs dans les stades.<\/strong><\/p>\n<p class=\"has-black-color has-text-color\">Les activit\u00e9s solaires et acad\u00e9miques se tiendront ainsi de 07H30 \u00e0 13H00 et celles de travail s\u2019\u00e9taleront de 07H30 \u00e0 14H00, a annonc\u00e9 dans un communiqu\u00e9 rendu public samedi le secr\u00e9taire g\u00e9n\u00e9ral des services du Premier ministre, S\u00e9raphin Magloire Fouda.<\/p>\n<p class=\"has-black-color has-text-color\">Le communiqu\u00e9 note que cette mesure, qui s\u2019appliquerait dans le secteur public \u00e0 compter du 17 janvier au 4 f\u00e9vrier, a pour objectif de permettre aux Camerounais de \u00ab\u00a0prendre une part active \u00e0 cet \u00e9v\u00e9nement continental d\u2019envergure\u00a0\u00bb.<br \/>Les \u00e9l\u00e8ves et fonctionnaires du Cameroun auront ainsi leurs apr\u00e8s-midi lib\u00e9r\u00e9es \u00e0 partir de lundi et jusqu\u2019\u00e0 la fin de la CAN pour aller voir les matches de cette comp\u00e9tition.<br \/>Cette mesure a \u00e9t\u00e9 d\u00e9cid\u00e9e par le Premier ministre Joseph Dion Ngute \u00ab\u00a0sur tr\u00e8s hautes instructions du pr\u00e9sident de la R\u00e9publique Paul Biya\u00a0\u00bb, pr\u00e9cise le texte.<\/p>\n<p class=\"has-black-color has-text-color\">Selon des m\u00e9dias locaux, le ph\u00e9nom\u00e8ne des stades vides de la CAN est attribu\u00e9 en grande partie aux restrictions sanitaires impos\u00e9es par la Conf\u00e9d\u00e9ration africaine de football en rapport avec la pand\u00e9mie de la COVID-19 et qui imposent, en dehors de la carte vaccinale, un test nasopharyng\u00e9 (PCR) n\u00e9gatif de moins de 72 heures ou un test diagnostique rapide (TDR) n\u00e9gatif de moins de 24 heures.<\/p>\n<p class=\"has-black-color has-text-color\">Les premi\u00e8res journ\u00e9es de la CAN se sont jou\u00e9es devant des stades vides, sauf le match d\u2019ouverture Cameroun-Burkina-Faso (2-1), disput\u00e9 au stade Olemb\u00e9 de Yaound\u00e9, et Nigeria-Egypte, jou\u00e9 \u00e0 Garoua, pr\u00e8s de la fronti\u00e8re nig\u00e9riane. M\u00eame le deuxi\u00e8me match Cameroun-Ethiopie (4-1) a \u00e9t\u00e9 loin de remplir l\u2019enceinte d\u2019Olemb\u00e9.<br \/>Le gouvernement camerounais a annonc\u00e9 la disponibilit\u00e9 d\u2019environ 2 millions de doses de vaccin et 2,5 millions de tests.<\/p>\n<p>L\u2019article <a rel=\"nofollow\" href=\"http:\/\/albayane.press.ma\/les-temps-des-activites-professionnelle-et-scolaire-reduites-pour-attirer-les-spectateurs.html\">Les temps des activit\u00e9s professionnelle et scolaire r\u00e9duites pour attirer les spectateurs<\/a> est apparu en premier sur <a rel=\"nofollow\" href=\"http:\/\/albayane.press.ma\/\">ALBAYANE<\/a>.<\/p>\n<\/div>\n<p>Auteur: M&rsquo;hammed rahal<br \/>\n<a href=\"http:\/\/albayane.press.ma\/les-temps-des-activites-professionnelle-et-scolaire-reduites-pour-attirer-les-spectateurs.html\">Cliquez ici pour lire l&rsquo;article depuis sa source.<\/a><\/p>\n","protected":false},"excerpt":{"rendered":"<p>Cameroun \u2013 CAN2021 Les autorit\u00e9s du Cameroun ont d\u00e9cid\u00e9 de r\u00e9duire les temps des activit\u00e9s professionnelle, scolaire et acad\u00e9mique pendant les jours de la 33-\u00e8me \u00e9dition de la Coupe d\u2019Afrique des nations (CAN 2021) pour augmenter les spectateurs dans les stades. Les activit\u00e9s solaires et acad\u00e9miques se tiendront ainsi de 07H30 \u00e0 13H00 et celles [&hellip;]<\/p>\n","protected":false},"author":1760,"featured_media":0,"comment_status":"closed","ping_status":"closed","sticky":false,"template":"","format":"standard","meta":{"fifu_image_url":"","fifu_image_alt":"","footnotes":""},"categories":[73,54],"tags":[],"class_list":["post-138793","post","type-post","status-publish","format-standard","hentry","category-actualite","category-maroc"],"_links":{"self":[{"href":"https:\/\/linitiative.ca\/International\/wp-json\/wp\/v2\/posts\/138793","targetHints":{"allow":["GET"]}}],"collection":[{"href":"https:\/\/linitiative.ca\/International\/wp-json\/wp\/v2\/posts"}],"about":[{"href":"https:\/\/linitiative.ca\/International\/wp-json\/wp\/v2\/types\/post"}],"author":[{"embeddable":true,"href":"https:\/\/linitiative.ca\/International\/wp-json\/wp\/v2\/users\/1760"}],"replies":[{"embeddable":true,"href":"https:\/\/linitiative.ca\/International\/wp-json\/wp\/v2\/comments?post=138793"}],"version-history":[{"count":0,"href":"https:\/\/linitiative.ca\/International\/wp-json\/wp\/v2\/posts\/138793\/revisions"}],"wp:attachment":[{"href":"https:\/\/linitiative.ca\/International\/wp-json\/wp\/v2\/media?parent=138793"}],"wp:term":[{"taxonomy":"category","embeddable":true,"href":"https:\/\/linitiative.ca\/International\/wp-json\/wp\/v2\/categories?post=138793"},{"taxonomy":"post_tag","embeddable":true,"href":"https:\/\/linitiative.ca\/International\/wp-json\/wp\/v2\/tags?post=138793"}],"curies":[{"name":"wp","href":"https:\/\/api.w.org\/{rel}","templated":true}]}}