{"id":138794,"date":"2022-01-17T13:00:00","date_gmt":"2022-01-17T18:00:00","guid":{"rendered":"https:\/\/linitiative.ca\/International\/djokovic-attendu-en-europe-lopen-daustralie-debute-a-melbourne\/"},"modified":"2022-01-17T13:00:00","modified_gmt":"2022-01-17T18:00:00","slug":"djokovic-attendu-en-europe-lopen-daustralie-debute-a-melbourne","status":"publish","type":"post","link":"https:\/\/linitiative.ca\/International\/djokovic-attendu-en-europe-lopen-daustralie-debute-a-melbourne\/","title":{"rendered":"Djokovic attendu en Europe, l\u2019Open d\u2019Australie d\u00e9bute \u00e0 Melbourne"},"content":{"rendered":"<div>\n<p class=\"has-text-align-center has-vivid-red-color has-text-color\"><strong>Tennis<\/strong><\/p>\n<p class=\"has-black-color has-text-color\"><strong>Le N.1 mondial de tennis Novak Djokovic, expuls\u00e9 d\u2019Australie au terme d\u2019une bataille judiciaire sur son statut vaccinal, \u00e9tait attendu en Europe lundi, apr\u00e8s le coup d\u2019envoi de l\u2019Open qu\u2019il r\u00eavait de gagner pour la dixi\u00e8me fois.<\/strong><\/p>\n<p class=\"has-black-color has-text-color\">Le Serbe de 34 ans, masqu\u00e9 et portant deux sacs, a transit\u00e9 par Duba\u00ef dans la nuit de dimanche \u00e0 lundi apr\u00e8s un vol en provenance de Melbourne, a constat\u00e9 une journaliste de l\u2019AFP pr\u00e9sente \u00e0 bord du m\u00eame avion.<\/p>\n<p class=\"has-black-color has-text-color\">Alors que sa destination finale \u00e9tait inconnue, la police repoussait les journalistes des abords l\u2019a\u00e9roport de Belgrade, selon un photographe de l\u2019AFP.<\/p>\n<p class=\"has-black-color has-text-color\">Ce d\u00e9part sans gloire, alors qu\u2019il aspirait \u00e0 un 21e titre record en Grand Chelem, est l\u2019\u00e9pilogue d\u2019un feuilleton de onze jours m\u00ealant politique et diplomatie sur fond d\u2019opposition de Djokovic \u00e0 la vaccination anti-Covid.<\/p>\n<p class=\"has-black-color has-text-color\">\u00ab\u00a0Je suis extr\u00eamement d\u00e9\u00e7u\u00a0\u00bb, a r\u00e9agi le joueur dans un communiqu\u00e9 dimanche. \u00ab\u00a0Je vais maintenant prendre du temps pour me reposer et r\u00e9cup\u00e9rer\u00a0\u00bb, a soulign\u00e9 celui dont la carri\u00e8re, au moins en Australie, pourrait p\u00e2tir lourdement de ce revers.<\/p>\n<p class=\"has-black-color has-text-color\">Il risque en th\u00e9orie une interdiction de s\u00e9jour de trois ans dans le pays o\u00f9 il a remport\u00e9 neuf de ses vingt titres du Grand Chelem.<\/p>\n<p class=\"has-black-color has-text-color\">Mais le Premier ministre Scott Morrison a laiss\u00e9 entendre dans une interview \u00e0 la radio que Djokovic pourrait \u00eatre autoris\u00e9 \u00e0 revenir pendant cette p\u00e9riode \u00ab\u00a0dans les bonnes circonstances et (que) cela serait \u00e9tudi\u00e9 \u00e0 ce moment-l\u00e0\u00a0\u00bb.<\/p>\n<p class=\"has-black-color has-text-color\">Le Serbe devait \u00eatre la t\u00eate d\u2019affiche de la premi\u00e8re journ\u00e9e de l\u2019Open d\u2019Australie lundi mais, non-vaccin\u00e9, il ne d\u00e9fendra pas son titre.<\/p>\n<p class=\"has-black-color has-text-color\">Pour son adversaire Rafael Nadal, \u00ab\u00a0la justice a parl\u00e9\u00a0\u00bb mais Djokovic n\u2019est pas le seul responsable de ce \u00ab\u00a0g\u00e2chis\u00a0\u00bb. \u00ab\u00a0Si Novak jouait ici, \u00e7a serait mieux pour tout le monde\u00a0\u00bb, a ajout\u00e9 l\u2019Espagnol lundi.<\/p>\n<p class=\"has-black-color has-text-color\">\u00ab\u00a0Je ne connais pas l\u2019avis des top joueurs. Mais j\u2019ai vu des gars le soutenir\u00a0\u00bb, a pour sa part comment\u00e9 le Serbe Dusan Lajovic. Un autre joueur serbe, Laslo Djere, a assur\u00e9 que cette affaire avait chang\u00e9 sa vision de l\u2019Australie.<\/p>\n<p class=\"has-black-color has-text-color\">Par deux fois au cours des onze derniers jours, le gouvernement australien a annul\u00e9 le visa de Djokovic et l\u2019a envoy\u00e9 dans un centre de r\u00e9tention pour immigr\u00e9s, affirmant que la pr\u00e9sence de la star pourrait alimenter le sentiment anti-vaccin alors que le variant Omicron se propage dans le pays.<\/p>\n<p class=\"has-black-color has-text-color\">Par deux fois, \u00ab\u00a0Djoko\u00a0\u00bb a contest\u00e9 cette d\u00e9cision devant les tribunaux, gagnant une premi\u00e8re manche mais perdant la seconde, d\u00e9cisive, dimanche.<\/p>\n<p class=\"has-black-color has-text-color\">Trois juges de la Cour f\u00e9d\u00e9rale d\u2019Australie ont scell\u00e9 son sort en rejetant son recours contre l\u2019annulation de son visa et son expulsion du pays.<\/p>\n<p class=\"has-black-color has-text-color\">Le gouvernement s\u2019est f\u00e9licit\u00e9 de sa victoire judiciaire, en pleine campagne \u00e9lectorale dans un pays dont les habitants ont endur\u00e9 pendant pr\u00e8s de deux ans des restrictions anti-Covid parmi les plus strictes au monde.<\/p>\n<p class=\"has-black-color has-text-color\">\u00ab\u00a0Cette d\u00e9cision d\u2019annulation a \u00e9t\u00e9 prise pour des raisons de sant\u00e9, de s\u00e9curit\u00e9 et de bon ordre, sur la base qu\u2019il \u00e9tait dans l\u2019int\u00e9r\u00eat public de le faire\u00a0\u00bb, a d\u00e9clar\u00e9 Scott Morrison.<\/p>\n<p class=\"has-black-color has-text-color\">De nombreux Australiens pensent que Djokovic a essay\u00e9 de contourner les r\u00e8gles et sont heureux de le voir s\u2019en aller.<\/p>\n<p class=\"has-black-color has-text-color\">\u00ab\u00a0S\u2019il \u00e9tait encore l\u00e0, il n\u2019y en aurait que pour Djokovic, mais le tournoi est tellement plus important que lui\u00a0\u00bb, a d\u00e9clar\u00e9 \u00e0 l\u2019AFP un fan de tennis, Simon Overton.<\/p>\n<p class=\"has-black-color has-text-color\">En Serbie, o\u00f9 \u00ab\u00a0Nole\u00a0\u00bb est consid\u00e9r\u00e9 comme un h\u00e9ros national, l\u2019expulsion a soulev\u00e9 l\u2019indignation.<\/p>\n<p class=\"has-black-color has-text-color\">\u00ab\u00a0Ils se sont humili\u00e9s eux-m\u00eames, Djokovic peut revenir dans son pays la t\u00eate haute et regarder tout le monde droit dans les yeux\u00a0\u00bb, s\u2019est emport\u00e9 le pr\u00e9sident Aleksandar Vucic.<\/p>\n<p class=\"has-black-color has-text-color\">\u00ab\u00a0Malgr\u00e9 cette d\u00e9cision scandaleuse, nous estimons que Novak est sorti \u00e0 nouveau vainqueur\u00a0\u00bb, a rench\u00e9ri le Comit\u00e9 olympique serbe.<\/p>\n<p class=\"has-black-color has-text-color\">\u00ab\u00a0Notre petite \u00e9quipe serbe ici \u00e0 Melbourne est boulevers\u00e9e et d\u00e9\u00e7ue\u00a0\u00bb, a \u00e9crit sur Instagram Miomir Kecmanovic, le joueur serbe que devait affronter Djokovic lundi.<\/p>\n<p class=\"has-black-color has-text-color\">Ce fiasco fait au moins un heureux: l\u2019Italien Salvatore Caruso (146e mondial) qui, profitant de son statut de \u00ab\u00a0lucky loser\u00a0\u00bb (\u00e9limin\u00e9 en qualifications mais rep\u00each\u00e9 gr\u00e2ce \u00e0 ce forfait), va le remplacer et jouera dans la soir\u00e9e.<\/p>\n<p>L\u2019article <a rel=\"nofollow\" href=\"http:\/\/albayane.press.ma\/djokovic-attendu-en-europe-lopen-daustralie-debute-a-melbourne.html\">Djokovic attendu en Europe, l\u2019Open d\u2019Australie d\u00e9bute \u00e0 Melbourne<\/a> est apparu en premier sur <a rel=\"nofollow\" href=\"http:\/\/albayane.press.ma\/\">ALBAYANE<\/a>.<\/p>\n<\/div>\n<p>Auteur: M&rsquo;hammed rahal<br \/>\n<a href=\"http:\/\/albayane.press.ma\/djokovic-attendu-en-europe-lopen-daustralie-debute-a-melbourne.html\">Cliquez ici pour lire l&rsquo;article depuis sa source.<\/a><\/p>\n","protected":false},"excerpt":{"rendered":"<p>Tennis Le N.1 mondial de tennis Novak Djokovic, expuls\u00e9 d\u2019Australie au terme d\u2019une bataille judiciaire sur son statut vaccinal, \u00e9tait attendu en Europe lundi, apr\u00e8s le coup d\u2019envoi de l\u2019Open qu\u2019il r\u00eavait de gagner pour la dixi\u00e8me fois. Le Serbe de 34 ans, masqu\u00e9 et portant deux sacs, a transit\u00e9 par Duba\u00ef dans la nuit [&hellip;]<\/p>\n","protected":false},"author":1760,"featured_media":0,"comment_status":"closed","ping_status":"closed","sticky":false,"template":"","format":"standard","meta":{"fifu_image_url":"","fifu_image_alt":"","footnotes":""},"categories":[73,54],"tags":[],"class_list":["post-138794","post","type-post","status-publish","format-standard","hentry","category-actualite","category-maroc"],"_links":{"self":[{"href":"https:\/\/linitiative.ca\/International\/wp-json\/wp\/v2\/posts\/138794","targetHints":{"allow":["GET"]}}],"collection":[{"href":"https:\/\/linitiative.ca\/International\/wp-json\/wp\/v2\/posts"}],"about":[{"href":"https:\/\/linitiative.ca\/International\/wp-json\/wp\/v2\/types\/post"}],"author":[{"embeddable":true,"href":"https:\/\/linitiative.ca\/International\/wp-json\/wp\/v2\/users\/1760"}],"replies":[{"embeddable":true,"href":"https:\/\/linitiative.ca\/International\/wp-json\/wp\/v2\/comments?post=138794"}],"version-history":[{"count":0,"href":"https:\/\/linitiative.ca\/International\/wp-json\/wp\/v2\/posts\/138794\/revisions"}],"wp:attachment":[{"href":"https:\/\/linitiative.ca\/International\/wp-json\/wp\/v2\/media?parent=138794"}],"wp:term":[{"taxonomy":"category","embeddable":true,"href":"https:\/\/linitiative.ca\/International\/wp-json\/wp\/v2\/categories?post=138794"},{"taxonomy":"post_tag","embeddable":true,"href":"https:\/\/linitiative.ca\/International\/wp-json\/wp\/v2\/tags?post=138794"}],"curies":[{"name":"wp","href":"https:\/\/api.w.org\/{rel}","templated":true}]}}