{"id":138799,"date":"2022-01-18T08:41:39","date_gmt":"2022-01-18T13:41:39","guid":{"rendered":"https:\/\/linitiative.ca\/International\/mobilisation-dune-unite-mobile-pour-accelerer-la-vaccination\/"},"modified":"2022-01-18T08:41:39","modified_gmt":"2022-01-18T13:41:39","slug":"mobilisation-dune-unite-mobile-pour-accelerer-la-vaccination","status":"publish","type":"post","link":"https:\/\/linitiative.ca\/International\/mobilisation-dune-unite-mobile-pour-accelerer-la-vaccination\/","title":{"rendered":"Mobilisation d\u2019une unit\u00e9 mobile pour acc\u00e9l\u00e9rer la vaccination"},"content":{"rendered":"<div>\n<div style=\"margin-bottom:20px;\"><img loading=\"lazy\" decoding=\"async\" width=\"750\" height=\"430\" src=\"https:\/\/linitiative.ca\/International\/wp-content\/uploads\/sites\/23\/2022\/01\/vaccination-copier.jpg\" class=\"attachment-post-thumbnail size-post-thumbnail wp-post-image\" alt=\"\" srcset=\"https:\/\/linitiative.ca\/International\/wp-content\/uploads\/sites\/23\/2022\/01\/vaccination-copier.jpg 750w, https:\/\/www.mapmarrakech.ma\/map\/uploads\/2022\/01\/vaccination-copier-300x172.jpg 300w\" sizes=\"auto, (max-width: 750px) 100vw, 750px\"><\/div>\n<p>Organis\u00e9e en \u00e9troite collaboration avec les autorit\u00e9s provinciales, la d\u00e9l\u00e9gation provinciale de la Sant\u00e9 et de la Protection sociale, le Croissant Rouge Marocain (CRM), cette op\u00e9ration vise \u00e0 sensibiliser les citoyens sur l\u2019importance de l\u2019adh\u00e9sion volontaire \u00e0 cette campagne nationale et par l\u00e0, de l\u2019importance de la prise de toutes les doses recommand\u00e9es par les autorit\u00e9s comp\u00e9tentes, comme moyen unique pour se pr\u00e9munir contre la Covid-19, faire face \u00e0 ses diff\u00e9rents variants et endiguer ainsi sa propagation.<\/p>\n<p>Cette Unit\u00e9 m\u00e9dicale mobile a \u00e9t\u00e9 d\u00e9ploy\u00e9e au niveau du boulevard Mohammed V, consid\u00e9r\u00e9 comme l\u2019art\u00e8re principal de la ville de Bengu\u00e9rir connaissant une forte affluence \u00e0 longueur de journ\u00e9e.<\/p>\n<p>Afin de garantir la r\u00e9ussite de cette initiative et atteindre les r\u00e9sultats escompt\u00e9s, il a \u00e9t\u00e9 proc\u00e9d\u00e9 \u00e0 la mobilisation du staff m\u00e9dical et param\u00e9dical n\u00e9cessaires ainsi que tous les moyens logistiques.<\/p>\n<p>Parall\u00e8lement \u00e0 cette op\u00e9ration, il a \u00e9t\u00e9 proc\u00e9d\u00e9 \u00e0 l\u2019organisation de campagnes de sensibilisation en vue d\u2019inciter les citoyens \u00e0 prendre les mesures pr\u00e9ventives individuelles et collectives notamment, la n\u00e9cessit\u00e9 de porter correctement un masque de protection, de se laver fr\u00e9quemment les mains ou encore la st\u00e9rilisation avec un d\u00e9sinfectant \u00e0 base d\u2019alcool, et \u00e9viter les rassemblements et la promiscuit\u00e9 inutiles.<\/p>\n<p>Les autorit\u00e9s provinciales ont veiller \u00e0 intensifier l\u2019organisation de caravanes m\u00e9dicales mobiles et le d\u00e9ploiement r\u00e9gulier des structures mobiles dans les souks hebdomadaires et les art\u00e8res principales, afin d\u2019acc\u00e9l\u00e9rer la cadence de vaccination des citoyens.<\/p>\n<p>The post <a rel=\"nofollow\" href=\"https:\/\/www.mapmarrakech.ma\/fr\/mobilisation-dune-unite-mobile-pour-accelerer-la-vaccination\/\">Mobilisation d\u2019une unit\u00e9 mobile pour acc\u00e9l\u00e9rer la vaccination<\/a> appeared first on <a rel=\"nofollow\" href=\"https:\/\/www.mapmarrakech.ma\/fr\">MapMarrakech<\/a>.<\/p>\n<\/div>\n<p>Auteur: Meriem IGASS<br \/>\n<a href=\"https:\/\/www.mapmarrakech.ma\/fr\/mobilisation-dune-unite-mobile-pour-accelerer-la-vaccination\/\">Cliquez ici pour lire l&rsquo;article depuis sa source.<\/a><\/p>\n","protected":false},"excerpt":{"rendered":"<p>Organis\u00e9e en \u00e9troite collaboration avec les autorit\u00e9s provinciales, la d\u00e9l\u00e9gation provinciale de la Sant\u00e9 et de la Protection sociale, le Croissant Rouge Marocain (CRM), cette op\u00e9ration vise \u00e0 sensibiliser les citoyens sur l\u2019importance de l\u2019adh\u00e9sion volontaire \u00e0 cette campagne nationale et par l\u00e0, de l\u2019importance de la prise de toutes les doses recommand\u00e9es par les [&hellip;]<\/p>\n","protected":false},"author":1788,"featured_media":0,"comment_status":"closed","ping_status":"closed","sticky":false,"template":"","format":"standard","meta":{"fifu_image_url":"https:\/\/www.mapmarrakech.ma\/map\/uploads\/2022\/01\/vaccination-copier.jpg","fifu_image_alt":"Mobilisation d\u2019une unit\u00e9 mobile pour acc\u00e9l\u00e9rer la vaccination","footnotes":""},"categories":[54,76],"tags":[],"class_list":["post-138799","post","type-post","status-publish","format-standard","hentry","category-maroc","category-regions"],"_links":{"self":[{"href":"https:\/\/linitiative.ca\/International\/wp-json\/wp\/v2\/posts\/138799","targetHints":{"allow":["GET"]}}],"collection":[{"href":"https:\/\/linitiative.ca\/International\/wp-json\/wp\/v2\/posts"}],"about":[{"href":"https:\/\/linitiative.ca\/International\/wp-json\/wp\/v2\/types\/post"}],"author":[{"embeddable":true,"href":"https:\/\/linitiative.ca\/International\/wp-json\/wp\/v2\/users\/1788"}],"replies":[{"embeddable":true,"href":"https:\/\/linitiative.ca\/International\/wp-json\/wp\/v2\/comments?post=138799"}],"version-history":[{"count":0,"href":"https:\/\/linitiative.ca\/International\/wp-json\/wp\/v2\/posts\/138799\/revisions"}],"wp:attachment":[{"href":"https:\/\/linitiative.ca\/International\/wp-json\/wp\/v2\/media?parent=138799"}],"wp:term":[{"taxonomy":"category","embeddable":true,"href":"https:\/\/linitiative.ca\/International\/wp-json\/wp\/v2\/categories?post=138799"},{"taxonomy":"post_tag","embeddable":true,"href":"https:\/\/linitiative.ca\/International\/wp-json\/wp\/v2\/tags?post=138799"}],"curies":[{"name":"wp","href":"https:\/\/api.w.org\/{rel}","templated":true}]}}