{"id":138801,"date":"2022-01-18T09:37:06","date_gmt":"2022-01-18T14:37:06","guid":{"rendered":"https:\/\/linitiative.ca\/International\/omicron-represente-95-des-cas-la-nouvelle-vague-sapproche-du-pic\/"},"modified":"2022-01-18T09:37:06","modified_gmt":"2022-01-18T14:37:06","slug":"omicron-represente-95-des-cas-la-nouvelle-vague-sapproche-du-pic","status":"publish","type":"post","link":"https:\/\/linitiative.ca\/International\/omicron-represente-95-des-cas-la-nouvelle-vague-sapproche-du-pic\/","title":{"rendered":"Omicron repr\u00e9sente 95% des cas, la nouvelle vague s\u2019approche du pic"},"content":{"rendered":"<div>\n<div style=\"margin-bottom:20px;\"><img loading=\"lazy\" decoding=\"async\" width=\"750\" height=\"430\" src=\"https:\/\/linitiative.ca\/International\/wp-content\/uploads\/sites\/23\/2022\/01\/Mouad-mrabet-copier.jpg\" class=\"attachment-post-thumbnail size-post-thumbnail wp-post-image\" alt=\"\" srcset=\"https:\/\/linitiative.ca\/International\/wp-content\/uploads\/sites\/23\/2022\/01\/Mouad-mrabet-copier.jpg 750w, https:\/\/www.mapmarrakech.ma\/map\/uploads\/2022\/01\/Mouad-mrabet-copier-300x172.jpg 300w\" sizes=\"auto, (max-width: 750px) 100vw, 750px\"><\/div>\n<p>Le Royaume conna\u00eet depuis 5 semaines la troisi\u00e8me vague de la Covid-19, marqu\u00e9e encore par une hausse continue des infections, a-t-on indiqu\u00e9 dans le bilan bimensuel de la situation \u00e9pid\u00e9mique (03\/17 janvier 2022), pr\u00e9sent\u00e9 par le coordonnateur du Centre national des op\u00e9rations d\u2019urgence de sant\u00e9 publique, Mouad Mrabet.<\/p>\n<p>Le pays a enregistr\u00e9 46.569 cas d\u2019infection au cours de la derni\u00e8re semaine, soit une augmentation de 33%, a relev\u00e9 M. Mrabet, pr\u00e9cisant n\u00e9anmoins que le taux de variation, qui \u00e9tait de 150% durant les premi\u00e8res semaines de cette vague, ne progresse plus de la m\u00eame cadence, quoique cela ne signifie pas n\u00e9cessairement l\u2019entr\u00e9e dans une phase de d\u00e9crue.<\/p>\n<p>S\u2019agissant de l\u2019\u00e9volution hebdomadaire du taux de positivit\u00e9, le m\u00eame responsable a signal\u00e9 que celui-ci est pass\u00e9 de 21,7 \u00e0 24,4% durant la semaine pass\u00e9e, ce qui atteste que la circulation du virus demeure \u00e9lev\u00e9e, malgr\u00e9 un certain ralentissement.<\/p>\n<p>Les admissions en r\u00e9animation et aux soins intensifs ont commenc\u00e9 \u00e0 augmenter de mani\u00e8re sensible, avec 536 cas recens\u00e9s durant la semaine pass\u00e9e, contre 42 pris en charge au cours de la premi\u00e8re semaine de la vague, soit une augmentation de 48,1%, a-t-il poursuivi,\u00a0faisant \u00e9tat de 65 d\u00e9c\u00e8s au cours de la m\u00eame p\u00e9riode (+16,1%).<\/p>\n<p>M. Mrabet a fait observer que 70% des d\u00e9c\u00e8s concernent des personnes non vaccin\u00e9es, 23% de primo-vaccin\u00e9s et 7% des personnes n\u2019ayant pas re\u00e7u la troisi\u00e8me dose de rappel.<\/p>\n<p>Evoquant la campagne nationale de vaccination, il a fait part d\u2019un taux de 67,3% pour les primo-vaccin\u00e9s, 63% pour la deuxi\u00e8me dose et 10,5% pour la dose de rappel.<\/p>\n<p>Le minist\u00e8re a r\u00e9it\u00e9r\u00e9, \u00e0 nouveau, son appel aux citoyens pour \u00e9viter tout rel\u00e2chement, poursuivre le strict respect des mesures pr\u00e9ventives en vigueur et adh\u00e9rer massivement \u00e0 la campagne de vaccination, surtout la troisi\u00e8me dose qui contribuera au renforcement de l\u2019immunit\u00e9 et faire face au variant Omicron.<\/p>\n<p>The post <a rel=\"nofollow\" href=\"https:\/\/www.mapmarrakech.ma\/fr\/omicron-represente-95-des-cas-la-nouvelle-vague-sapproche-du-pic\/\">Omicron repr\u00e9sente 95% des cas, la nouvelle vague s\u2019approche du pic<\/a> appeared first on <a rel=\"nofollow\" href=\"https:\/\/www.mapmarrakech.ma\/fr\">MapMarrakech<\/a>.<\/p>\n<\/div>\n<p>Auteur: Meriem IGASS<br \/>\n<a href=\"https:\/\/www.mapmarrakech.ma\/fr\/omicron-represente-95-des-cas-la-nouvelle-vague-sapproche-du-pic\/\">Cliquez ici pour lire l&rsquo;article depuis sa source.<\/a><\/p>\n","protected":false},"excerpt":{"rendered":"<p>Le Royaume conna\u00eet depuis 5 semaines la troisi\u00e8me vague de la Covid-19, marqu\u00e9e encore par une hausse continue des infections, a-t-on indiqu\u00e9 dans le bilan bimensuel de la situation \u00e9pid\u00e9mique (03\/17 janvier 2022), pr\u00e9sent\u00e9 par le coordonnateur du Centre national des op\u00e9rations d\u2019urgence de sant\u00e9 publique, Mouad Mrabet. Le pays a enregistr\u00e9 46.569 cas d\u2019infection [&hellip;]<\/p>\n","protected":false},"author":1788,"featured_media":0,"comment_status":"closed","ping_status":"closed","sticky":false,"template":"","format":"standard","meta":{"fifu_image_url":"https:\/\/www.mapmarrakech.ma\/map\/uploads\/2022\/01\/Mouad-mrabet-copier.jpg","fifu_image_alt":"Omicron repr\u00e9sente 95% des cas, la nouvelle vague s\u2019approche du pic","footnotes":""},"categories":[54,76],"tags":[],"class_list":["post-138801","post","type-post","status-publish","format-standard","hentry","category-maroc","category-regions"],"_links":{"self":[{"href":"https:\/\/linitiative.ca\/International\/wp-json\/wp\/v2\/posts\/138801","targetHints":{"allow":["GET"]}}],"collection":[{"href":"https:\/\/linitiative.ca\/International\/wp-json\/wp\/v2\/posts"}],"about":[{"href":"https:\/\/linitiative.ca\/International\/wp-json\/wp\/v2\/types\/post"}],"author":[{"embeddable":true,"href":"https:\/\/linitiative.ca\/International\/wp-json\/wp\/v2\/users\/1788"}],"replies":[{"embeddable":true,"href":"https:\/\/linitiative.ca\/International\/wp-json\/wp\/v2\/comments?post=138801"}],"version-history":[{"count":0,"href":"https:\/\/linitiative.ca\/International\/wp-json\/wp\/v2\/posts\/138801\/revisions"}],"wp:attachment":[{"href":"https:\/\/linitiative.ca\/International\/wp-json\/wp\/v2\/media?parent=138801"}],"wp:term":[{"taxonomy":"category","embeddable":true,"href":"https:\/\/linitiative.ca\/International\/wp-json\/wp\/v2\/categories?post=138801"},{"taxonomy":"post_tag","embeddable":true,"href":"https:\/\/linitiative.ca\/International\/wp-json\/wp\/v2\/tags?post=138801"}],"curies":[{"name":"wp","href":"https:\/\/api.w.org\/{rel}","templated":true}]}}