{"id":138807,"date":"2022-01-18T08:43:07","date_gmt":"2022-01-18T13:43:07","guid":{"rendered":"https:\/\/linitiative.ca\/International\/omicron-la-nouvelle-vague-sapproche-du-pic-au-maroc\/"},"modified":"2022-01-18T08:43:07","modified_gmt":"2022-01-18T13:43:07","slug":"omicron-la-nouvelle-vague-sapproche-du-pic-au-maroc","status":"publish","type":"post","link":"https:\/\/linitiative.ca\/International\/omicron-la-nouvelle-vague-sapproche-du-pic-au-maroc\/","title":{"rendered":"Omicron: la nouvelle vague s&rsquo;approche du pic au Maroc"},"content":{"rendered":"<div>\n<div class=\"field field-name-body field-type-text-with-summary field-label-hidden\">\n<div class=\"field-items\">\n<div class=\"field-item even\" property=\"content:encoded\">\n<p class=\"rtejustify\">Les cas Covid-19 li\u00e9s au variant Omicron repr\u00e9sentent d\u00e9sormais 95% des contaminations enregistr\u00e9es au Maroc, dont l&rsquo;actuelle vague de transmission communautaire du virus s&rsquo;approche du pic, a assur\u00e9, mardi, le minist\u00e8re de la Sant\u00e9 et de la Protection sociale.<\/p>\n<\/div>\n<\/div>\n<\/div>\n<\/div>\n<p>Auteur: mbasraoui<br \/>\n<a href=\"https:\/\/www.leconomiste.com\/flash-infos\/omicron-la-nouvelle-vague-s-approche-du-pic-au-maroc\">Cliquez ici pour lire l&rsquo;article depuis sa source.<\/a><\/p>\n","protected":false},"excerpt":{"rendered":"<p>Les cas Covid-19 li\u00e9s au variant Omicron repr\u00e9sentent d\u00e9sormais 95% des contaminations enregistr\u00e9es au Maroc, dont l&rsquo;actuelle vague de transmission communautaire du virus s&rsquo;approche du pic, a assur\u00e9, mardi, le minist\u00e8re de la Sant\u00e9 et de la Protection sociale. Auteur: mbasraoui Cliquez ici pour lire l&rsquo;article depuis sa source.<\/p>\n","protected":false},"author":1763,"featured_media":0,"comment_status":"closed","ping_status":"closed","sticky":false,"template":"","format":"standard","meta":{"fifu_image_url":"","fifu_image_alt":"","footnotes":""},"categories":[78,54],"tags":[],"class_list":["post-138807","post","type-post","status-publish","format-standard","hentry","category-economie","category-maroc"],"_links":{"self":[{"href":"https:\/\/linitiative.ca\/International\/wp-json\/wp\/v2\/posts\/138807","targetHints":{"allow":["GET"]}}],"collection":[{"href":"https:\/\/linitiative.ca\/International\/wp-json\/wp\/v2\/posts"}],"about":[{"href":"https:\/\/linitiative.ca\/International\/wp-json\/wp\/v2\/types\/post"}],"author":[{"embeddable":true,"href":"https:\/\/linitiative.ca\/International\/wp-json\/wp\/v2\/users\/1763"}],"replies":[{"embeddable":true,"href":"https:\/\/linitiative.ca\/International\/wp-json\/wp\/v2\/comments?post=138807"}],"version-history":[{"count":0,"href":"https:\/\/linitiative.ca\/International\/wp-json\/wp\/v2\/posts\/138807\/revisions"}],"wp:attachment":[{"href":"https:\/\/linitiative.ca\/International\/wp-json\/wp\/v2\/media?parent=138807"}],"wp:term":[{"taxonomy":"category","embeddable":true,"href":"https:\/\/linitiative.ca\/International\/wp-json\/wp\/v2\/categories?post=138807"},{"taxonomy":"post_tag","embeddable":true,"href":"https:\/\/linitiative.ca\/International\/wp-json\/wp\/v2\/tags?post=138807"}],"curies":[{"name":"wp","href":"https:\/\/api.w.org\/{rel}","templated":true}]}}