{"id":138808,"date":"2022-01-18T08:53:36","date_gmt":"2022-01-18T13:53:36","guid":{"rendered":"https:\/\/linitiative.ca\/International\/hotellerie-accor-annonce-trois-nouvelles-ouvertures-au-maroc-en-2022\/"},"modified":"2022-01-18T08:53:36","modified_gmt":"2022-01-18T13:53:36","slug":"hotellerie-accor-annonce-trois-nouvelles-ouvertures-au-maroc-en-2022","status":"publish","type":"post","link":"https:\/\/linitiative.ca\/International\/hotellerie-accor-annonce-trois-nouvelles-ouvertures-au-maroc-en-2022\/","title":{"rendered":"H\u00f4tellerie: Accor annonce trois nouvelles ouvertures au Maroc en 2022"},"content":{"rendered":"<div>\n<div class=\"field field-name-body field-type-text-with-summary field-label-hidden\">\n<div class=\"field-items\">\n<div class=\"field-item even\" property=\"content:encoded\">\n<p class=\"rtejustify\">Le Groupe Accor compte ouvrir cette ann\u00e9e un large \u00e9ventail de nouvelles adresses dans le monde. Au total, plus de 300 h\u00f4tels et resorts sont pr\u00eats \u00e0 ouvrir leurs portes cette ann\u00e9e, indique le Groupe.<\/p>\n<\/div>\n<\/div>\n<\/div>\n<\/div>\n<p>Auteur: mbasraoui<br \/>\n<a href=\"https:\/\/www.leconomiste.com\/flash-infos\/hotellerie-accor-annonce-trois-nouvelles-ouvertures-au-maroc-en-2022\">Cliquez ici pour lire l&rsquo;article depuis sa source.<\/a><\/p>\n","protected":false},"excerpt":{"rendered":"<p>Le Groupe Accor compte ouvrir cette ann\u00e9e un large \u00e9ventail de nouvelles adresses dans le monde. Au total, plus de 300 h\u00f4tels et resorts sont pr\u00eats \u00e0 ouvrir leurs portes cette ann\u00e9e, indique le Groupe. Auteur: mbasraoui Cliquez ici pour lire l&rsquo;article depuis sa source.<\/p>\n","protected":false},"author":1763,"featured_media":0,"comment_status":"closed","ping_status":"closed","sticky":false,"template":"","format":"standard","meta":{"fifu_image_url":"","fifu_image_alt":"","footnotes":""},"categories":[78,54],"tags":[],"class_list":["post-138808","post","type-post","status-publish","format-standard","hentry","category-economie","category-maroc"],"_links":{"self":[{"href":"https:\/\/linitiative.ca\/International\/wp-json\/wp\/v2\/posts\/138808","targetHints":{"allow":["GET"]}}],"collection":[{"href":"https:\/\/linitiative.ca\/International\/wp-json\/wp\/v2\/posts"}],"about":[{"href":"https:\/\/linitiative.ca\/International\/wp-json\/wp\/v2\/types\/post"}],"author":[{"embeddable":true,"href":"https:\/\/linitiative.ca\/International\/wp-json\/wp\/v2\/users\/1763"}],"replies":[{"embeddable":true,"href":"https:\/\/linitiative.ca\/International\/wp-json\/wp\/v2\/comments?post=138808"}],"version-history":[{"count":0,"href":"https:\/\/linitiative.ca\/International\/wp-json\/wp\/v2\/posts\/138808\/revisions"}],"wp:attachment":[{"href":"https:\/\/linitiative.ca\/International\/wp-json\/wp\/v2\/media?parent=138808"}],"wp:term":[{"taxonomy":"category","embeddable":true,"href":"https:\/\/linitiative.ca\/International\/wp-json\/wp\/v2\/categories?post=138808"},{"taxonomy":"post_tag","embeddable":true,"href":"https:\/\/linitiative.ca\/International\/wp-json\/wp\/v2\/tags?post=138808"}],"curies":[{"name":"wp","href":"https:\/\/api.w.org\/{rel}","templated":true}]}}