{"id":138809,"date":"2022-01-18T09:07:01","date_gmt":"2022-01-18T14:07:01","guid":{"rendered":"https:\/\/linitiative.ca\/International\/tarfaya-sauvetage-de-45-candidats-a-limmigration-clandestine\/"},"modified":"2022-01-18T09:07:01","modified_gmt":"2022-01-18T14:07:01","slug":"tarfaya-sauvetage-de-45-candidats-a-limmigration-clandestine","status":"publish","type":"post","link":"https:\/\/linitiative.ca\/International\/tarfaya-sauvetage-de-45-candidats-a-limmigration-clandestine\/","title":{"rendered":"Tarfaya: sauvetage de 45 candidats \u00e0 l\u2019immigration clandestine"},"content":{"rendered":"<div>\n<div class=\"field field-name-body field-type-text-with-summary field-label-hidden\">\n<div class=\"field-items\">\n<div class=\"field-item even\" property=\"content:encoded\">\n<p class=\"rtejustify\">Un chalutier a rep\u00each\u00e9, mardi \u00e0 39 miles nautiques au nord du port de Tarfaya, une embarcation en difficult\u00e9 avec \u00e0 bord 45 candidats \u00e0 l\u2019immigration clandestine, dont 09 mineurs, a-t-on appris aupr\u00e8s des autorit\u00e9s locales.<\/p>\n<p class=\"rtejustify\">Les candidats \u00e0 l\u2019immigration, qui ont \u00e9t\u00e9 secourus, sont originaires de plusieurs villes du Royaume s\u2019\u00e9taient engag\u00e9s samedi en mer depuis les c\u00f4t\u00e9s d\u2019Agadir. Apr\u00e8s trois jours de navigation, l\u2019embarcation est tomb\u00e9e en panne d\u2019essence, a-t-ajout\u00e9 de m\u00eame source.<\/p>\n<\/div>\n<\/div>\n<\/div>\n<\/div>\n<p>Auteur: mbasraoui<br \/>\n<a href=\"https:\/\/www.leconomiste.com\/flash-infos\/tarfaya-sauvetage-de-45-candidats-l-immigration-clandestine\">Cliquez ici pour lire l&rsquo;article depuis sa source.<\/a><\/p>\n","protected":false},"excerpt":{"rendered":"<p>Un chalutier a rep\u00each\u00e9, mardi \u00e0 39 miles nautiques au nord du port de Tarfaya, une embarcation en difficult\u00e9 avec \u00e0 bord 45 candidats \u00e0 l\u2019immigration clandestine, dont 09 mineurs, a-t-on appris aupr\u00e8s des autorit\u00e9s locales. Les candidats \u00e0 l\u2019immigration, qui ont \u00e9t\u00e9 secourus, sont originaires de plusieurs villes du Royaume s\u2019\u00e9taient engag\u00e9s samedi en [&hellip;]<\/p>\n","protected":false},"author":1763,"featured_media":0,"comment_status":"closed","ping_status":"closed","sticky":false,"template":"","format":"standard","meta":{"fifu_image_url":"","fifu_image_alt":"","footnotes":""},"categories":[78,54],"tags":[],"class_list":["post-138809","post","type-post","status-publish","format-standard","hentry","category-economie","category-maroc"],"_links":{"self":[{"href":"https:\/\/linitiative.ca\/International\/wp-json\/wp\/v2\/posts\/138809","targetHints":{"allow":["GET"]}}],"collection":[{"href":"https:\/\/linitiative.ca\/International\/wp-json\/wp\/v2\/posts"}],"about":[{"href":"https:\/\/linitiative.ca\/International\/wp-json\/wp\/v2\/types\/post"}],"author":[{"embeddable":true,"href":"https:\/\/linitiative.ca\/International\/wp-json\/wp\/v2\/users\/1763"}],"replies":[{"embeddable":true,"href":"https:\/\/linitiative.ca\/International\/wp-json\/wp\/v2\/comments?post=138809"}],"version-history":[{"count":0,"href":"https:\/\/linitiative.ca\/International\/wp-json\/wp\/v2\/posts\/138809\/revisions"}],"wp:attachment":[{"href":"https:\/\/linitiative.ca\/International\/wp-json\/wp\/v2\/media?parent=138809"}],"wp:term":[{"taxonomy":"category","embeddable":true,"href":"https:\/\/linitiative.ca\/International\/wp-json\/wp\/v2\/categories?post=138809"},{"taxonomy":"post_tag","embeddable":true,"href":"https:\/\/linitiative.ca\/International\/wp-json\/wp\/v2\/tags?post=138809"}],"curies":[{"name":"wp","href":"https:\/\/api.w.org\/{rel}","templated":true}]}}